{"id":1504,"date":"2008-03-19T16:49:28","date_gmt":"2008-03-19T16:49:28","guid":{"rendered":"http:\/\/www.comevedonoidaltonici.com\/wordpress\/?p=1504"},"modified":"2008-03-19T16:49:28","modified_gmt":"2008-03-19T16:49:28","slug":"politecnico1-la-citta-che-tace-e-consenziente","status":"publish","type":"post","link":"https:\/\/www.olinews.it\/mt\/?p=1504","title":{"rendered":"Politecnico\/1 &#8211; La citt\u00e0 che tace \u00e8 consenziente?"},"content":{"rendered":"<p>&#8220;Politecnico. Tutti (o quasi) d&#8217;accordo. Ora si pu\u00f2 partire&#8221;. Cos\u00ec titola <em>BJ, Liguria Business Journal<\/em> di marzo 2008 (in edicola) un ampio servizio sull&#8217;iniziativa della Facolt\u00e0 di Ingegneria di costituirsi come entit\u00e0 indipendente dall&#8217;Universit\u00e0 di Genova. L&#8217;iniziativa non pare incontrare nell&#8217;ateneo genovese ostacoli di rilievo.<br \/>\nIl rettore uscente Gaetano Bignardi \u00e8 uno tra quelli che pi\u00f9 si \u00e8 impegnato. &#8220;E&#8217; mia profonda convinzione che costituire a Genova un Politecnico sia una scelta importante e coraggiosa&#8221;. Bignardi sostiene che &#8220;la nascita del Politecnico dovr\u00e0 essere un&#8217;occasione di rilancio della nostra Universit\u00e0&#8221;. Un ragionamento curioso che tuttavia pare abbia un certo seguito in alcuni ambienti accademici.<\/p>\n<p><!--more--><br \/>\nPer Gianni Vernazza, preside di Ingegneria, &#8220;il distacco di Ingegneria costituir\u00e0 un elemento positivo anche per l&#8217;Ateneo. Assieme avremo maggiore voce politica a Roma\u2026 La nostra Facolt\u00e0, da sempre tra le prime quattro in Italia, offre un alto grado di preparazione e di specializzazione ai nostri laureati, ma \u00e8 troppo imbrigliata nella rigidit\u00e0 dell&#8217;Ateneo. Abbiamo bisogno di autonomia per avere maggiore sinergia col tessuto produttivo del territorio&#8221;. Insieme ai politecnici di Milano e di Torino &#8220;l&#8217;intenzione \u00e8 creare una rete politecnica del Nord Ovest&#8221;.<br \/>\nSar\u00e0 la seconda universit\u00e0 della Liguria. Il Politecnico avr\u00e0 un rettore, un senato accademico e un consiglio di amministrazione e indipendente gestione economica. Burlando e Vincenzi (una volta tanto d&#8217;accordo) hanno gi\u00e0 espresso un parere positivo e il ministro dell&#8217;Universit\u00e0 Fabio Mussi, si \u00e8 gi\u00e0 detto favorevole all&#8217;idea (anche se ormai \u00e8 alla fine del suo incarico). Superato l&#8217;iter burocratico &#8220;Ateneo e Ingegneria dovranno risolvere problemi burocratici di carattere gestionale e di divisione del personale non docente&#8221;.<br \/>\nPer essere la seconda universit\u00e0 della Liguria non si pu\u00f2 dire che se ne sia parlato molto. Data la rilevanza del tema la cittadinanza dovrebbe poterne sapere di pi\u00f9, anche perch\u00e9 con i suoi soldi dovr\u00e0 anche sostenerla.<br \/>\n<strong><em>(Oscar Itzcovich)<\/em><\/strong><\/p>\n","protected":false},"excerpt":{"rendered":"<p>&#8220;Politecnico. Tutti (o quasi) d&#8217;accordo. Ora si pu\u00f2 partire&#8221;. Cos\u00ec titola BJ, Liguria Business Journal di marzo 2008 (in edicola) un ampio servizio sull&#8217;iniziativa della Facolt\u00e0 di Ingegneria di costituirsi come entit\u00e0 indipendente dall&#8217;Universit\u00e0 di Genova. L&#8217;iniziativa non pare incontrare nell&#8217;ateneo genovese ostacoli di rilievo. Il rettore uscente Gaetano Bignardi \u00e8 uno tra quelli che [&hellip;]<\/p>\n","protected":false},"author":1,"featured_media":0,"comment_status":"open","ping_status":"closed","sticky":false,"template":"","format":"standard","meta":{"footnotes":""},"categories":[186,23],"tags":[],"class_list":["post-1504","post","type-post","status-publish","format-standard","hentry","category-186","category-scuola-e-universita"],"_links":{"self":[{"href":"https:\/\/www.olinews.it\/mt\/index.php?rest_route=\/wp\/v2\/posts\/1504","targetHints":{"allow":["GET"]}}],"collection":[{"href":"https:\/\/www.olinews.it\/mt\/index.php?rest_route=\/wp\/v2\/posts"}],"about":[{"href":"https:\/\/www.olinews.it\/mt\/index.php?rest_route=\/wp\/v2\/types\/post"}],"author":[{"embeddable":true,"href":"https:\/\/www.olinews.it\/mt\/index.php?rest_route=\/wp\/v2\/users\/1"}],"replies":[{"embeddable":true,"href":"https:\/\/www.olinews.it\/mt\/index.php?rest_route=%2Fwp%2Fv2%2Fcomments&post=1504"}],"version-history":[{"count":0,"href":"https:\/\/www.olinews.it\/mt\/index.php?rest_route=\/wp\/v2\/posts\/1504\/revisions"}],"wp:attachment":[{"href":"https:\/\/www.olinews.it\/mt\/index.php?rest_route=%2Fwp%2Fv2%2Fmedia&parent=1504"}],"wp:term":[{"taxonomy":"category","embeddable":true,"href":"https:\/\/www.olinews.it\/mt\/index.php?rest_route=%2Fwp%2Fv2%2Fcategories&post=1504"},{"taxonomy":"post_tag","embeddable":true,"href":"https:\/\/www.olinews.it\/mt\/index.php?rest_route=%2Fwp%2Fv2%2Ftags&post=1504"}],"curies":[{"name":"wp","href":"https:\/\/api.w.org\/{rel}","templated":true}]}}