{"id":1505,"date":"2008-03-19T16:50:59","date_gmt":"2008-03-19T16:50:59","guid":{"rendered":"http:\/\/www.comevedonoidaltonici.com\/wordpress\/?p=1505"},"modified":"2008-03-19T16:50:59","modified_gmt":"2008-03-19T16:50:59","slug":"misteri-fondazione-della-cultura-dentro-urban-lab","status":"publish","type":"post","link":"https:\/\/www.olinews.it\/mt\/?p=1505","title":{"rendered":"Misteri &#8211; Fondazione della cultura dentro Urban lab?"},"content":{"rendered":"<p>Si chiama &#8220;Urban Lab&#8221; ed \u00e8 &#8220;il tavolo di promozione&#8221; di Comune, Provincia, Camera di commercio e Autorit\u00e0 portuale ideato da Renzo Piano per ripensare l&#8217;immagine della citt\u00e0 e la sua diffusione nel resto d&#8217;Italia e all&#8217;estero. Urban Lab \u00e8 stato tenuto a battesimo venerd\u00ec 29 febbraio 2008 (<em>Secolo XIX<\/em> 1\u00b0 marzo &#8217;08) nel Salone di Rappresentanza di Tursi. Nell&#8217;occasione \u00e8 stato presentato il calendario annuale degli eventi e la sindaco in persona ha consegnato un premio simbolico agli sponsor dell&#8217;impresa. Tutti gli sponsor &#8211; quelli importanti come banche e fondazioni ma anche i fornitori di servizi disponibili a fare lo sconto &#8211; secondo un elenco compilato dallo stesso ufficio del sindaco, hanno ricevuto il loro attestato.<\/p>\n<p><!--more--><br \/>\nIl programma per il 2008 &#8211; contenuto in una raffinata brochure consegnata ai partecipanti &#8211; un marchio disegnato da Renzo Piano e l&#8217;indicazione delle nuove strategie di comunicazione che passeranno &#8220;dalla semplice promozione al marketing territoriale e necessitano di una diffusione capillare per riappropriarsi della spinta del 2004&#8221;: cos\u00ec Urban Lab \u00e8 stato presentato alla citt\u00e0. Dando ragione di due fatti: perch\u00e9 la sindaco avesse deciso a suo tempo di tenere per s\u00e9 la delega per cultura e la posizione centrale che il nuovo organismo Urban Lab dovr\u00e0 avere per attuare il suo progetto politico.<br \/>\nTutto chiaro? Non molto. Fin a poche settimane prima, quanto nella cerimonia del 29 febbraio \u00e8 stato indicato come di competenza di Urban Lab sembrava tra le competenze di un altro &#8220;nuovo organismo&#8221;, anch&#8217;esso varato dalla amministrazione Vincenzi, la &#8220;Fondazione della cultura&#8221; che con voto unanime il Consiglio comunale aveva messo al posto della precedente &#8220;Palazzo ducale&#8221; di cui andava a rilevare spazi, personale, organizzazione e le funzioni (con una sovrapposizione quasi perfetta di quelle dell&#8217;assessorato comunale alla cultura). E alla cui direzione era posto l&#8217;ex assessore alla cultura Borzani. Alla Fondazione &#8211; vero anello di congiunzione dei luoghi fisici della cultura: palazzi, musei, castelli, gallerie, mostre &#8211; doveva toccare la tanto attesa cabina di regia delle iniziative di promozione della citt\u00e0 (<em>Repubblica <\/em>2, 8 e 10 febbraio &#8217;08). &#8220;Obiettivo fondamentale, programmare gli eventi almeno con una scadenza triennale&#8221;, parole dell&#8217;ex assessore Borzani che , in un suo intervento pubblicato da <em>Repubblica <\/em>il 13 febbraio ha detto che la neonata Fondazione era impegnata a superare finalmente la scarsa attenzione di Genova per le sinergie, da cui derivava la sua bassa &#8220;capacit\u00e0 unitaria di promozione&#8221;, una &#8220;debolezza di innovazione&#8221; e un eccesso di autoreferenzialit\u00e0 del sistema cultura.<br \/>\nIl 13 marzo scorso il circolo La Maona, al Ducale, ha provato a dare un seguito al dibattito sulla cultura apparso sulle pagine di <em>Repubblica <\/em>nelle settimane precedenti. Laudatori dei tempi antichi a parte, si sono sentite &#8211; rivolte ai responsabili &#8211; voci accorate: diteci cosa volete fare, che modelli avete e simili. Domande senza risposta perch\u00e9 i responsabili erano tutti impegnati altrove.<br \/>\n<strong><em>(Manlio Calegari)<\/em><\/strong><\/p>\n","protected":false},"excerpt":{"rendered":"<p>Si chiama &#8220;Urban Lab&#8221; ed \u00e8 &#8220;il tavolo di promozione&#8221; di Comune, Provincia, Camera di commercio e Autorit\u00e0 portuale ideato da Renzo Piano per ripensare l&#8217;immagine della citt\u00e0 e la sua diffusione nel resto d&#8217;Italia e all&#8217;estero. Urban Lab \u00e8 stato tenuto a battesimo venerd\u00ec 29 febbraio 2008 (Secolo XIX 1\u00b0 marzo &#8217;08) nel Salone [&hellip;]<\/p>\n","protected":false},"author":1,"featured_media":0,"comment_status":"open","ping_status":"closed","sticky":false,"template":"","format":"standard","meta":{"footnotes":""},"categories":[186,16,10],"tags":[],"class_list":["post-1505","post","type-post","status-publish","format-standard","hentry","category-186","category-cultura","category-politica"],"_links":{"self":[{"href":"https:\/\/www.olinews.it\/mt\/index.php?rest_route=\/wp\/v2\/posts\/1505","targetHints":{"allow":["GET"]}}],"collection":[{"href":"https:\/\/www.olinews.it\/mt\/index.php?rest_route=\/wp\/v2\/posts"}],"about":[{"href":"https:\/\/www.olinews.it\/mt\/index.php?rest_route=\/wp\/v2\/types\/post"}],"author":[{"embeddable":true,"href":"https:\/\/www.olinews.it\/mt\/index.php?rest_route=\/wp\/v2\/users\/1"}],"replies":[{"embeddable":true,"href":"https:\/\/www.olinews.it\/mt\/index.php?rest_route=%2Fwp%2Fv2%2Fcomments&post=1505"}],"version-history":[{"count":0,"href":"https:\/\/www.olinews.it\/mt\/index.php?rest_route=\/wp\/v2\/posts\/1505\/revisions"}],"wp:attachment":[{"href":"https:\/\/www.olinews.it\/mt\/index.php?rest_route=%2Fwp%2Fv2%2Fmedia&parent=1505"}],"wp:term":[{"taxonomy":"category","embeddable":true,"href":"https:\/\/www.olinews.it\/mt\/index.php?rest_route=%2Fwp%2Fv2%2Fcategories&post=1505"},{"taxonomy":"post_tag","embeddable":true,"href":"https:\/\/www.olinews.it\/mt\/index.php?rest_route=%2Fwp%2Fv2%2Ftags&post=1505"}],"curies":[{"name":"wp","href":"https:\/\/api.w.org\/{rel}","templated":true}]}}