{"id":1506,"date":"2008-03-19T16:53:22","date_gmt":"2008-03-19T16:53:22","guid":{"rendered":"http:\/\/www.comevedonoidaltonici.com\/wordpress\/?p=1506"},"modified":"2008-03-19T16:53:22","modified_gmt":"2008-03-19T16:53:22","slug":"scuola-liberta-religiosa-non-per-tutti","status":"publish","type":"post","link":"https:\/\/www.olinews.it\/mt\/?p=1506","title":{"rendered":"Scuola &#8211; Libert\u00e0 religiosa non per tutti"},"content":{"rendered":"<p>Un piccolo episodio indicativo dell&#8217;attacco in atto alla laicit\u00e0 dell&#8217;insegnamento. Il 10 marzo \u00e8 stata diffusa nell&#8217;Istituto secondario superiore statale Firpo-Buonarroti una circolare con la quale si comunicava che nell&#8217;auditorium dello stesso Istituto si sarebbe celebrata la messa pasquale il 12 marzo per gli alunni dell'&#8221;indirizzo geometri&#8221; e il 13 per quelli dell'&#8221;indirizzo turistico&#8221;. Entrambi le messe sarebbero state tenute alle 8.10 del mattino e quindi in orario scolastico. Vi si diceva anche che tanto era stato deliberato dall&#8217;organo scolastico il 12 febbraio. La comunicazione veniva data per\u00f2 solo due giorni prima della messa, cos\u00ec precludendosi qualsiasi possibilit\u00e0 di ricorso a chi avesse ritenuto illegittima la delibera del 12 febbraio.<\/p>\n<p><!--more--><br \/>\nLa delibera che contrasta con le leggi che vietano che le pratiche religiose abbiano luogo nella scuola in occasione dell&#8217;insegnamento di altre materie. La chiesa valdese ha inviato una lettera di protesta al dirigente scolastico del Firpo-Buonarroti e anche l&#8217;Uaar (Unione degli atei e degli agnostici razionalisti) ha mandato un atto di diffida.<br \/>\nCiliegina sulla torta: nella circolare si legge che la partecipazione alla messa (con esonero dalle lezioni, che sarebbero state tenute soltanto per gli alunni che non avessero inteso presenziare alla messa) veniva offerta &#8220;nell&#8217;ambito dell&#8217;educazione alla libert\u00e0 religiosa&#8221;. Quale libert\u00e0 se in una scuola pubblica gli unici che possono valersi dell&#8217;esonero dalle lezioni per celebrare un culto sono gli alunni cattolici?<br \/>\n<strong><em>(Anna Ivaldi) <\/em><\/strong><\/p>\n","protected":false},"excerpt":{"rendered":"<p>Un piccolo episodio indicativo dell&#8217;attacco in atto alla laicit\u00e0 dell&#8217;insegnamento. Il 10 marzo \u00e8 stata diffusa nell&#8217;Istituto secondario superiore statale Firpo-Buonarroti una circolare con la quale si comunicava che nell&#8217;auditorium dello stesso Istituto si sarebbe celebrata la messa pasquale il 12 marzo per gli alunni dell&#8217;&#8221;indirizzo geometri&#8221; e il 13 per quelli dell&#8217;&#8221;indirizzo turistico&#8221;. Entrambi [&hellip;]<\/p>\n","protected":false},"author":1,"featured_media":0,"comment_status":"open","ping_status":"closed","sticky":false,"template":"","format":"standard","meta":{"footnotes":""},"categories":[186,10,23],"tags":[],"class_list":["post-1506","post","type-post","status-publish","format-standard","hentry","category-186","category-politica","category-scuola-e-universita"],"_links":{"self":[{"href":"https:\/\/www.olinews.it\/mt\/index.php?rest_route=\/wp\/v2\/posts\/1506","targetHints":{"allow":["GET"]}}],"collection":[{"href":"https:\/\/www.olinews.it\/mt\/index.php?rest_route=\/wp\/v2\/posts"}],"about":[{"href":"https:\/\/www.olinews.it\/mt\/index.php?rest_route=\/wp\/v2\/types\/post"}],"author":[{"embeddable":true,"href":"https:\/\/www.olinews.it\/mt\/index.php?rest_route=\/wp\/v2\/users\/1"}],"replies":[{"embeddable":true,"href":"https:\/\/www.olinews.it\/mt\/index.php?rest_route=%2Fwp%2Fv2%2Fcomments&post=1506"}],"version-history":[{"count":0,"href":"https:\/\/www.olinews.it\/mt\/index.php?rest_route=\/wp\/v2\/posts\/1506\/revisions"}],"wp:attachment":[{"href":"https:\/\/www.olinews.it\/mt\/index.php?rest_route=%2Fwp%2Fv2%2Fmedia&parent=1506"}],"wp:term":[{"taxonomy":"category","embeddable":true,"href":"https:\/\/www.olinews.it\/mt\/index.php?rest_route=%2Fwp%2Fv2%2Fcategories&post=1506"},{"taxonomy":"post_tag","embeddable":true,"href":"https:\/\/www.olinews.it\/mt\/index.php?rest_route=%2Fwp%2Fv2%2Ftags&post=1506"}],"curies":[{"name":"wp","href":"https:\/\/api.w.org\/{rel}","templated":true}]}}