{"id":1508,"date":"2008-03-26T17:38:05","date_gmt":"2008-03-26T17:38:05","guid":{"rendered":"http:\/\/www.comevedonoidaltonici.com\/wordpress\/?p=1508"},"modified":"2008-03-26T17:38:05","modified_gmt":"2008-03-26T17:38:05","slug":"car-sharing-parcheggio-occupato-per-lauto-virtuosa","status":"publish","type":"post","link":"https:\/\/www.olinews.it\/mt\/?p=1508","title":{"rendered":"Car sharing &#8211; Parcheggio occupato per l&#8217;auto virtuosa"},"content":{"rendered":"<p>Tra gli interventi parziali che puntano a diminuire le automobili in giro e, soprattutto, quelle staticamente parcheggiate nella citt\u00e0, c&#8217;\u00e8 il car sharing. Il sito ci dice che l&#8217;esperimento \u00e8 in corso da quattro anni: 54 mezzi che servono 1.500 abbonati, un&#8217;apprezzabile proporzione di quasi 28 esseri umani per automobile.<\/p>\n<p><!--more--><br \/>\nCredo che nella maggioranza dei casi l&#8217;auto condivisa sostituisca la seconda automobile, e che solo un piccolo numero abbia fatto il gran rifiuto globale, ma le seconde automobili occupano lo stesso spazio delle prime, e quindi la cosa \u00e8 interessante. A sentire gli utenti si scopre per\u00f2 un problema: i parcheggi. Ci sono in citt\u00e0 34 aree riservate dove, per chi non \u00e8 abbonato, \u00e8 vietato parcheggiare. Ma dove chiunque parcheggia. Ci sono voluti anni di diffusione di sensi di colpa e di vergogna per tutelare le aree riservate ai portatori di handicap, quindi, figuriamoci! Solo che questo inciampo rischia di compromettere alla base l&#8217;esperienza car sharing, il cui principale appeal \u00e8 proprio quello di poter facilmente prendere ed abbandonare un mezzo di trasporto temporaneo: se, al ritorno, l&#8217;utente si ritrova a vagare per la citt\u00e0, tra irritate telefonate al call center, e faticosi tentativi di far intervenire i vigili urbani \u2026<br \/>\nGi\u00e0, i vigili urbani: testimoni informati dicono che non \u00e8 possibile ottenere da loro la rimozione forzata delle automobili abusive, e che le multe vengono messe solo a fronte di vivaci sollecitazioni dei diretti interessati. Pare sfuggire che in questione non c&#8217;\u00e8 solo il privato interesse del singolo utente, ma un tassello del mosaico che dovrebbe riuscire a far cambiare vita ed aria alla citt\u00e0.<br \/>\n<strong><em>(Paola Pierantoni)<\/em><\/strong><\/p>\n","protected":false},"excerpt":{"rendered":"<p>Tra gli interventi parziali che puntano a diminuire le automobili in giro e, soprattutto, quelle staticamente parcheggiate nella citt\u00e0, c&#8217;\u00e8 il car sharing. Il sito ci dice che l&#8217;esperimento \u00e8 in corso da quattro anni: 54 mezzi che servono 1.500 abbonati, un&#8217;apprezzabile proporzione di quasi 28 esseri umani per automobile.<\/p>\n","protected":false},"author":1,"featured_media":0,"comment_status":"open","ping_status":"closed","sticky":false,"template":"","format":"standard","meta":{"footnotes":""},"categories":[187,20,14],"tags":[],"class_list":["post-1508","post","type-post","status-publish","format-standard","hentry","category-187","category-citta","category-trasporti"],"_links":{"self":[{"href":"https:\/\/www.olinews.it\/mt\/index.php?rest_route=\/wp\/v2\/posts\/1508","targetHints":{"allow":["GET"]}}],"collection":[{"href":"https:\/\/www.olinews.it\/mt\/index.php?rest_route=\/wp\/v2\/posts"}],"about":[{"href":"https:\/\/www.olinews.it\/mt\/index.php?rest_route=\/wp\/v2\/types\/post"}],"author":[{"embeddable":true,"href":"https:\/\/www.olinews.it\/mt\/index.php?rest_route=\/wp\/v2\/users\/1"}],"replies":[{"embeddable":true,"href":"https:\/\/www.olinews.it\/mt\/index.php?rest_route=%2Fwp%2Fv2%2Fcomments&post=1508"}],"version-history":[{"count":0,"href":"https:\/\/www.olinews.it\/mt\/index.php?rest_route=\/wp\/v2\/posts\/1508\/revisions"}],"wp:attachment":[{"href":"https:\/\/www.olinews.it\/mt\/index.php?rest_route=%2Fwp%2Fv2%2Fmedia&parent=1508"}],"wp:term":[{"taxonomy":"category","embeddable":true,"href":"https:\/\/www.olinews.it\/mt\/index.php?rest_route=%2Fwp%2Fv2%2Fcategories&post=1508"},{"taxonomy":"post_tag","embeddable":true,"href":"https:\/\/www.olinews.it\/mt\/index.php?rest_route=%2Fwp%2Fv2%2Ftags&post=1508"}],"curies":[{"name":"wp","href":"https:\/\/api.w.org\/{rel}","templated":true}]}}