{"id":1510,"date":"2008-03-26T17:41:30","date_gmt":"2008-03-26T17:41:30","guid":{"rendered":"http:\/\/www.comevedonoidaltonici.com\/wordpress\/?p=1510"},"modified":"2008-03-26T17:41:30","modified_gmt":"2008-03-26T17:41:30","slug":"il-papa-e-il-giornalista-le-trombe-assordanti-di-una-conversione","status":"publish","type":"post","link":"https:\/\/www.olinews.it\/mt\/?p=1510","title":{"rendered":"Il Papa e il giornalista &#8211; Le trombe assordanti di una conversione"},"content":{"rendered":"<p>Domenica di Pasqua 23 marzo. <em>Corriere della Sera<\/em>. Il quotidiano di via Solferino ci informa che il suo vicedirettore Magdi Allam ha ricevuto da Benedetto XVI il battesimo, insieme ai sacramenti della comunione e della cresima.<br \/>\nLa notizia \u00e8 in primo piano corredata da una lettera al direttore a firma di Allam. Una foto sfuocata di spalle del giornalista &#8211; il papa sorride davanti a lui &#8211; campeggia a centro pagina.<br \/>\n&#8220;Per me \u00e8 il giorno pi\u00f9 bello della vita. Acquisire il dono della fede cristiana nella ricorrenza della Risurrezione di Cristo, per mano del Santo Padre \u00e8, per un credente, un privilegio ineguagliabile e un bene inestimabile&#8221;. E precisa: &#8220;Il miracolo della Risurrezione di Cristo si \u00e8 riverberato sulla mia anima liberandola dalle tenebre di una predicazione dove l&#8217;odio e l&#8217;intolleranza nei confronti del &#8220;diverso&#8221;, condannato acriticamente quale &#8220;nemico&#8221;, primeggiano sull&#8217;amore e il rispetto del &#8220;prossimo&#8221; che \u00e8 sempre e comunque &#8220;persona&#8221;; cos\u00ec come la mia mente si \u00e8 affrancata dall&#8217;oscurantismo di un&#8217;ideologia che legittima la menzogna e la dissimulazione, la morte violenta che induce all&#8217;omicidio e al suicidio, la cieca sottomissione e la tirannia, permettendomi di aderire all&#8217;autentica religione della Verit\u00e0, della Vita e della Libert\u00e0. Nella mia prima Pasqua da cristiano io non ho scoperto solo Ges\u00f9, ho scoperto per la prima volta il vero e unico Dio che \u00e8 il Dio della Fede e Ragione&#8221;.<\/p>\n<p><!--more--><br \/>\nAllam ricorda la sua vita blindata con tanto di scorta dei carabinieri, le minacce e le condanne a morte inflittegli da estremisti e terroristi islamici, insieme alle denunce come &#8220;nemico dell&#8217;Islam&#8221; e ringrazia di cuore gli amici di Comunione e Liberazione ma soprattutto il Santo Padre. E&#8217; consapevole che d&#8217;ora in poi subir\u00e0 l&#8217;ulteriore condanna per apostasia, ma si augura che &#8220;dal gesto storico del Santo Padre&#8221; e dalla sua testimonianza migliaia di musulmani convertiti al cristianesimo traggano il convincimento che \u00e8 arrivato il momento di &#8220;uscire dalle catacombe&#8221; e di affermare pubblicamente la propria volont\u00e0 di essere pienamente se stessi. Se non nella culla del cattolicesimo, dove si potr\u00e0 essere credibili?<br \/>\nL&#8217;evento intimo, riservato, spirituale, da religioso assume caratteristiche politiche la cui potenza viene data dalla figura del Papa e da quella del giornalista famoso. Sono uniti a difesa del vero unico Dio alla luce di una &#8220;radice del male insita in un islam che \u00e8 fisiologicamente violento e storicamente conflittuale&#8221; che pare vincere sulla parte islamica moderata che arranca nell&#8217;affermare le proprie ragioni.<br \/>\nLa rilevanza data alla conversione di Magdi Cristiano Allam sembra ridurre ulteriormente gli spazi di dialogo, i luoghi silenziosi del pensiero, il terreno di ascolto che i moderati di entrambe le religioni cercano nel nostro paese.<br \/>\nE se Verit\u00e0, Libert\u00e0, Vita, Fede e Ragione sono di un solo Dio che ne faranno dell&#8217;altro?<br \/>\n<strong><em>(Giulia Parodi)<\/em><\/strong><\/p>\n","protected":false},"excerpt":{"rendered":"<p>Domenica di Pasqua 23 marzo. Corriere della Sera. Il quotidiano di via Solferino ci informa che il suo vicedirettore Magdi Allam ha ricevuto da Benedetto XVI il battesimo, insieme ai sacramenti della comunione e della cresima. La notizia \u00e8 in primo piano corredata da una lettera al direttore a firma di Allam. Una foto sfuocata [&hellip;]<\/p>\n","protected":false},"author":1,"featured_media":0,"comment_status":"open","ping_status":"closed","sticky":false,"template":"","format":"standard","meta":{"footnotes":""},"categories":[187,13,10],"tags":[],"class_list":["post-1510","post","type-post","status-publish","format-standard","hentry","category-187","category-informazione","category-politica"],"_links":{"self":[{"href":"https:\/\/www.olinews.it\/mt\/index.php?rest_route=\/wp\/v2\/posts\/1510","targetHints":{"allow":["GET"]}}],"collection":[{"href":"https:\/\/www.olinews.it\/mt\/index.php?rest_route=\/wp\/v2\/posts"}],"about":[{"href":"https:\/\/www.olinews.it\/mt\/index.php?rest_route=\/wp\/v2\/types\/post"}],"author":[{"embeddable":true,"href":"https:\/\/www.olinews.it\/mt\/index.php?rest_route=\/wp\/v2\/users\/1"}],"replies":[{"embeddable":true,"href":"https:\/\/www.olinews.it\/mt\/index.php?rest_route=%2Fwp%2Fv2%2Fcomments&post=1510"}],"version-history":[{"count":0,"href":"https:\/\/www.olinews.it\/mt\/index.php?rest_route=\/wp\/v2\/posts\/1510\/revisions"}],"wp:attachment":[{"href":"https:\/\/www.olinews.it\/mt\/index.php?rest_route=%2Fwp%2Fv2%2Fmedia&parent=1510"}],"wp:term":[{"taxonomy":"category","embeddable":true,"href":"https:\/\/www.olinews.it\/mt\/index.php?rest_route=%2Fwp%2Fv2%2Fcategories&post=1510"},{"taxonomy":"post_tag","embeddable":true,"href":"https:\/\/www.olinews.it\/mt\/index.php?rest_route=%2Fwp%2Fv2%2Ftags&post=1510"}],"curies":[{"name":"wp","href":"https:\/\/api.w.org\/{rel}","templated":true}]}}