{"id":1511,"date":"2008-03-26T17:43:22","date_gmt":"2008-03-26T17:43:22","guid":{"rendered":"http:\/\/www.comevedonoidaltonici.com\/wordpress\/?p=1511"},"modified":"2008-03-26T17:43:22","modified_gmt":"2008-03-26T17:43:22","slug":"meteo-vieni-in-liguria-che-lindovini","status":"publish","type":"post","link":"https:\/\/www.olinews.it\/mt\/?p=1511","title":{"rendered":"Meteo &#8211; Vieni in Liguria che l&#8217;indovini"},"content":{"rendered":"<p>Ci sono certamente cento cose pi\u00f9 serie e importanti, ma a volte anche il bollettino meteo pu\u00f2 offrire qualche spunto per una riflessione sul tempo che fa, non solo dal punto di vista climatico. Da giorni e giorni i tg, stavolta con perfetta equilibrio bipartisan, segnalavano per mezzo di cartine, animazioni, commenti, pioggia e freddo per le feste di Pasqua su tutta Italia. Nuvole e rovesci dalle Alpi alla Sicilia alla Sardegna, con una sola minuscola eccezione &#8211; affidata esclusivamente alla grafica, senza una parola di pi\u00f9 &#8211; per l&#8217;arco ligure, dove sui teleschermi risplendeva costantemente il simbolo del sole.<\/p>\n<p><!--more--><br \/>\nSe \u00e8 un luogo comune &#8211; la trasmissione del Trio insegna &#8211; che &#8220;non c&#8217;\u00e8 pi\u00f9 la stagione di mezzo&#8221;, \u00e8 altrettanto risaputo che le previsioni meteo ormai ci azzeccano: e cos\u00ec \u00e8 stato. Le giornate di Pasqua e Pasquetta sono state bellissime da queste parti; aria fresca, sole caldissimo, venticello frizzante, cielo terso. Ma chi se ne \u00e8 accorto se non coloro che hanno scelto pi\u00f9 o meno a caso la Liguria, azzeccando il terno secco? Ora, come si sa, questa regione vive in gran parte di turismo e sembra legittimo che chi ha responsabilit\u00e0 in un settore produttivo di tale importanza, si interroghi su come funziona il meccanismo mediatico, anche quello delle previsioni del tempo (una delle rubriche, per chi non lo sapesse, con pi\u00f9 alto share).<br \/>\nSappiamo attraverso quali meccanismi si producono queste notizie? E&#8217; solo un caso se la nostra regione viene cos\u00ec poco considerata, e non solo meteorologicamente parlando? E&#8217; un riflesso di una pi\u00f9 complessiva perdita d&#8217;immagine che si proietta sul piano dell&#8217;informazione; oppure si tratta &#8211; \u00e8 possibile &#8211; di scarsa capacit\u00e0 nel richiamare l&#8217;attenzione sulla realt\u00e0 locale? Qui non \u00e8 il caso di intonare pianti vittimistici, in nome della &#8220;cultura del basilico&#8221; tradita. Sembra semmai pi\u00f9 utile tentare di reagire a una perdurante trascuratezza, con vivacit\u00e0, intelligenza, magari un po&#8217; d&#8217;inventiva: prendere spunto dai paradossali silenzio dei bollettini meteo-tv, per lanciare qualche messaggio in controtendenza. Tipo: Vieni in Liguria che l&#8217;indovini.<br \/>\nA meno che i ponderosi uffici turistici regionali non abbiano cose &#8220;pi\u00f9 serie&#8221; a cui pensare.<br \/>\n<strong><em>(Camillo Arcuri)<\/em><\/strong><\/p>\n","protected":false},"excerpt":{"rendered":"<p>Ci sono certamente cento cose pi\u00f9 serie e importanti, ma a volte anche il bollettino meteo pu\u00f2 offrire qualche spunto per una riflessione sul tempo che fa, non solo dal punto di vista climatico. Da giorni e giorni i tg, stavolta con perfetta equilibrio bipartisan, segnalavano per mezzo di cartine, animazioni, commenti, pioggia e freddo [&hellip;]<\/p>\n","protected":false},"author":1,"featured_media":0,"comment_status":"open","ping_status":"closed","sticky":false,"template":"","format":"standard","meta":{"footnotes":""},"categories":[187],"tags":[],"class_list":["post-1511","post","type-post","status-publish","format-standard","hentry","category-187"],"_links":{"self":[{"href":"https:\/\/www.olinews.it\/mt\/index.php?rest_route=\/wp\/v2\/posts\/1511","targetHints":{"allow":["GET"]}}],"collection":[{"href":"https:\/\/www.olinews.it\/mt\/index.php?rest_route=\/wp\/v2\/posts"}],"about":[{"href":"https:\/\/www.olinews.it\/mt\/index.php?rest_route=\/wp\/v2\/types\/post"}],"author":[{"embeddable":true,"href":"https:\/\/www.olinews.it\/mt\/index.php?rest_route=\/wp\/v2\/users\/1"}],"replies":[{"embeddable":true,"href":"https:\/\/www.olinews.it\/mt\/index.php?rest_route=%2Fwp%2Fv2%2Fcomments&post=1511"}],"version-history":[{"count":0,"href":"https:\/\/www.olinews.it\/mt\/index.php?rest_route=\/wp\/v2\/posts\/1511\/revisions"}],"wp:attachment":[{"href":"https:\/\/www.olinews.it\/mt\/index.php?rest_route=%2Fwp%2Fv2%2Fmedia&parent=1511"}],"wp:term":[{"taxonomy":"category","embeddable":true,"href":"https:\/\/www.olinews.it\/mt\/index.php?rest_route=%2Fwp%2Fv2%2Fcategories&post=1511"},{"taxonomy":"post_tag","embeddable":true,"href":"https:\/\/www.olinews.it\/mt\/index.php?rest_route=%2Fwp%2Fv2%2Ftags&post=1511"}],"curies":[{"name":"wp","href":"https:\/\/api.w.org\/{rel}","templated":true}]}}