{"id":1516,"date":"2008-04-02T16:29:41","date_gmt":"2008-04-02T16:29:41","guid":{"rendered":"http:\/\/www.comevedonoidaltonici.com\/wordpress\/?p=1516"},"modified":"2008-04-02T16:29:41","modified_gmt":"2008-04-02T16:29:41","slug":"300-milioni-di-benservito-a-mastella","status":"publish","type":"post","link":"https:\/\/www.olinews.it\/mt\/?p=1516","title":{"rendered":"300 milioni di benservito a Mastella"},"content":{"rendered":"<p>Gentile OLI, non \u00e8 facile orientarsi nella massa di notizie che ogni giorno ci piovono sulla testa. Cos\u00ec quando ho letto su Repubblica del 26 marzo scorso che all&#8217;ex ministro Mastella, avendo deciso di non ricandidarsi alle elezioni, toccava un assegno di 300 mila euro &#8220;per il suo reinserimento nella vita sociale&#8221; ho pensato alla solita bufala. L&#8217;attivit\u00e0 di parlamentare come la pi\u00f9 dura delle lavorazioni nocive; altro che minatore o animista o peggio: no &#8211; mi son detta &#8211; \u00e8 uno scherzo.<\/p>\n<p><!--more--><br \/>\nInvece \u00e8 tutto vero, previsto. Tanto che alla voce &#8220;assegno di fine mandato&#8221;, nel bilancio 2008 il Collegio dei questori ha preventivato 8.5 milioni di spese straordinarie per il Senato. Nel complesso tra Camera e Senato il totale sfiorer\u00e0 i 25-30 milioni.<br \/>\nNon mi dilungo sul malessere che provo di fronte a simili ingiustificati privilegi e il fatto che i cittadini ne sappiano solo perch\u00e9, nell&#8217;occasione, Famiglia Cristiana ha chiesto a Mastella di usare quei soldi per farci della beneficenza. Osservo solo che in questa campagna elettorale di promesse improbabili e scarsi impegni, non una parola si \u00e8 sentita sul contenimento dei costi della politica. Il governo Prodi aveva cercato di affrontare la questione mettendo a punto un provvedimento legislativo ma sin dal suo inizio questo \u00e8 stato malmenato e osteggiato. Aveva contro una maggioranza bipartisan ben decisa a non mollare neppure di un millimetro sui propri scandalosi privilegi. Persone che a parte le considerazioni di equit\u00e0 sociale si rifiutavano di prendere atto degli effetti distorsivi dei costi della politica: sul bilancio dello stato e sulle origini delle vocazioni politiche.<br \/>\nCambier\u00e0? A tutt&#8217;oggi non ho sentito i leader delle formazioni pi\u00f9 prestigiose dire in merito una sola parola. Qualcosa come: &#8220;Se vincer\u00f2 taglieremo i costi della politica del 25%&#8221;. E&#8217; troppo? Beh facciamo pure il 20%. Ma facciamo qualcosa anche noi cittadini che crediamo che &#8220;tutti insieme possiamo farcela&#8221;. Andiamo ai dibatti pubblici dei vari candidati, ai loro &#8220;point&#8221;, e diciamogli: &#8220;Allora, vi impegnate o no a riparare a questa vergogna?&#8221;<br \/>\n<strong><em>(Antonia Canepa) <\/em><\/strong><\/p>\n","protected":false},"excerpt":{"rendered":"<p>Gentile OLI, non \u00e8 facile orientarsi nella massa di notizie che ogni giorno ci piovono sulla testa. Cos\u00ec quando ho letto su Repubblica del 26 marzo scorso che all&#8217;ex ministro Mastella, avendo deciso di non ricandidarsi alle elezioni, toccava un assegno di 300 mila euro &#8220;per il suo reinserimento nella vita sociale&#8221; ho pensato alla [&hellip;]<\/p>\n","protected":false},"author":1,"featured_media":0,"comment_status":"open","ping_status":"closed","sticky":false,"template":"","format":"standard","meta":{"footnotes":""},"categories":[188,160,10],"tags":[],"class_list":["post-1516","post","type-post","status-publish","format-standard","hentry","category-188","category-lettere","category-politica"],"_links":{"self":[{"href":"https:\/\/www.olinews.it\/mt\/index.php?rest_route=\/wp\/v2\/posts\/1516","targetHints":{"allow":["GET"]}}],"collection":[{"href":"https:\/\/www.olinews.it\/mt\/index.php?rest_route=\/wp\/v2\/posts"}],"about":[{"href":"https:\/\/www.olinews.it\/mt\/index.php?rest_route=\/wp\/v2\/types\/post"}],"author":[{"embeddable":true,"href":"https:\/\/www.olinews.it\/mt\/index.php?rest_route=\/wp\/v2\/users\/1"}],"replies":[{"embeddable":true,"href":"https:\/\/www.olinews.it\/mt\/index.php?rest_route=%2Fwp%2Fv2%2Fcomments&post=1516"}],"version-history":[{"count":0,"href":"https:\/\/www.olinews.it\/mt\/index.php?rest_route=\/wp\/v2\/posts\/1516\/revisions"}],"wp:attachment":[{"href":"https:\/\/www.olinews.it\/mt\/index.php?rest_route=%2Fwp%2Fv2%2Fmedia&parent=1516"}],"wp:term":[{"taxonomy":"category","embeddable":true,"href":"https:\/\/www.olinews.it\/mt\/index.php?rest_route=%2Fwp%2Fv2%2Fcategories&post=1516"},{"taxonomy":"post_tag","embeddable":true,"href":"https:\/\/www.olinews.it\/mt\/index.php?rest_route=%2Fwp%2Fv2%2Ftags&post=1516"}],"curies":[{"name":"wp","href":"https:\/\/api.w.org\/{rel}","templated":true}]}}