{"id":1518,"date":"2008-04-02T16:34:30","date_gmt":"2008-04-02T16:34:30","guid":{"rendered":"http:\/\/www.comevedonoidaltonici.com\/wordpress\/?p=1518"},"modified":"2008-04-02T16:34:30","modified_gmt":"2008-04-02T16:34:30","slug":"islam-conta-la-cultura-piu-che-il-velo","status":"publish","type":"post","link":"https:\/\/www.olinews.it\/mt\/?p=1518","title":{"rendered":"Islam &#8211; Conta la cultura pi\u00f9 che il velo"},"content":{"rendered":"<p>&#8220;La festa della donna con il velo islamico&#8221; \u00e8 il titolo con il quale il <em>Secolo XIX<\/em>, del 10 marzo, riferisce della giornata celebrata al Porto Antico dalle donne arabe che fanno riferimento all&#8217;associazione La Palma. La cronaca riferisce di una bella festa, con dolci e musica, della partecipazione attiva delle donne genovesi che sono compagne di lavoro, mamme di compagni di scuola e vicine di casa, e delle parole delle donne arabe di Genova che sottolineano l&#8217;importanza del velo: &#8221; Il velo nel giorno della festa della donna? Cosa c&#8217;\u00e8 di strano? E&#8217; una cultura nostra, \u00e8 una nostra identit\u00e0, \u00e8 una raccomandazione di Dio&#8221;, &#8221; non tolgo il velo perch\u00e9 se lo facessi sarebbe togliermi la fede&#8221;.<\/p>\n<p><!--more--><br \/>\nFattima Mernissi, marocchina, professoressa all&#8217;Universit\u00e0 di Rabat, nel suo libro &#8220;Le donne del profeta&#8221;, edito dalla casa editrice genovese Ecig, sostiene invece che non esiste l&#8217;obbligo del velo n\u00e9 nel Corano n\u00e9 negli Hadith (le parole) del profeta Mohammad; che il vero guaio \u00e8 che, in alcuni paesi arabi e musulmani, l&#8217;analfabetismo arriva a percentuali spaventose come il 70% della popolazione. Che la popolazione accetta passivamente l&#8217;interpretazione dei maschi, spesso misogini, del Corano e del Hadith; che non si tratta di questione religiosa, ma dell&#8217;uso che fanno i maschi (di tutte le religioni e di tutte le civilt\u00e0) della religione per controllare le donne, sottometterle, ed escluderle, mentre ogni donna deve essere libera di scegliere come vestirsi e cosa mettere sulla propria testa.<br \/>\nIntervenuta alla presentazione della tredicesima edizione degli incontri culturali &#8220;Le grandi parole dell&#8217;umanit\u00e0&#8221;, al teatro della Corte di Genova, la giornalista algerina Nac\u00e9ra Benali, ha detto che il velo \u00e8 un falso problema: l&#8217;importante \u00e8 che le donne accedano allo studio, che vadano a scuola ed all&#8217;universit\u00e0 e non importa se ci vanno velate o non (<em>Il Secolo XIX<\/em> del 6 febbraio). Per Nacera Benali, &#8220;il nodo della questione femminile nell&#8217;Islam non si scioglier\u00e0 finch\u00e9 gli uomini avranno il monopolio dell&#8217;interpretazione del Corano. E finch\u00e9 tutti non potranno riferirsi a un codice civile laico&#8221;.<br \/>\nMohammad Arkun, algerino, professore emerito alla Sorbona, sostiene che nel mondo arabo ed islamico, le universit\u00e0 sono poche, che nelle molte facolt\u00e0 religiose si insegnano i testi sacri con metodi antichi, che ci sono le facolt\u00e0 di medicina e di ingegneria ma sono poche quelle umanistiche, in particolare quelle che diffondono le scienze riguardanti &#8220;la lingua&#8221;, che insegnano a storicizzare, contestualizzare, decostruire e ricostruire un testo per arrivare ad una nuova e corretta lettura (interpretazione) dei testi antichi ed in particolare dei testi &#8220;sacri&#8221;. Perci\u00f2 egli invita ad insegnare queste scienze nelle universit\u00e0 &#8220;occidentali&#8221; ai giovani arabi e musulmani, istituendo apposite borse di studio ed invita a collaborare con quei paesi per introdurre le facolt\u00e0 che insegnano queste scienze nel loro sistema universitario.<br \/>\n<strong><em>(Saleh Zaghloul) <\/em><\/strong><\/p>\n","protected":false},"excerpt":{"rendered":"<p>&#8220;La festa della donna con il velo islamico&#8221; \u00e8 il titolo con il quale il Secolo XIX, del 10 marzo, riferisce della giornata celebrata al Porto Antico dalle donne arabe che fanno riferimento all&#8217;associazione La Palma. La cronaca riferisce di una bella festa, con dolci e musica, della partecipazione attiva delle donne genovesi che sono [&hellip;]<\/p>\n","protected":false},"author":1,"featured_media":0,"comment_status":"open","ping_status":"closed","sticky":false,"template":"","format":"standard","meta":{"footnotes":""},"categories":[188,16],"tags":[],"class_list":["post-1518","post","type-post","status-publish","format-standard","hentry","category-188","category-cultura"],"_links":{"self":[{"href":"https:\/\/www.olinews.it\/mt\/index.php?rest_route=\/wp\/v2\/posts\/1518","targetHints":{"allow":["GET"]}}],"collection":[{"href":"https:\/\/www.olinews.it\/mt\/index.php?rest_route=\/wp\/v2\/posts"}],"about":[{"href":"https:\/\/www.olinews.it\/mt\/index.php?rest_route=\/wp\/v2\/types\/post"}],"author":[{"embeddable":true,"href":"https:\/\/www.olinews.it\/mt\/index.php?rest_route=\/wp\/v2\/users\/1"}],"replies":[{"embeddable":true,"href":"https:\/\/www.olinews.it\/mt\/index.php?rest_route=%2Fwp%2Fv2%2Fcomments&post=1518"}],"version-history":[{"count":0,"href":"https:\/\/www.olinews.it\/mt\/index.php?rest_route=\/wp\/v2\/posts\/1518\/revisions"}],"wp:attachment":[{"href":"https:\/\/www.olinews.it\/mt\/index.php?rest_route=%2Fwp%2Fv2%2Fmedia&parent=1518"}],"wp:term":[{"taxonomy":"category","embeddable":true,"href":"https:\/\/www.olinews.it\/mt\/index.php?rest_route=%2Fwp%2Fv2%2Fcategories&post=1518"},{"taxonomy":"post_tag","embeddable":true,"href":"https:\/\/www.olinews.it\/mt\/index.php?rest_route=%2Fwp%2Fv2%2Ftags&post=1518"}],"curies":[{"name":"wp","href":"https:\/\/api.w.org\/{rel}","templated":true}]}}