{"id":1521,"date":"2008-04-02T16:40:33","date_gmt":"2008-04-02T16:40:33","guid":{"rendered":"http:\/\/www.comevedonoidaltonici.com\/wordpress\/?p=1521"},"modified":"2008-04-02T16:40:33","modified_gmt":"2008-04-02T16:40:33","slug":"saltimbanchi-nuove-elezioni-nuova-casacca","status":"publish","type":"post","link":"https:\/\/www.olinews.it\/mt\/?p=1521","title":{"rendered":"Saltimbanchi &#8211; Nuove elezioni nuova casacca"},"content":{"rendered":"<p>E cos\u00ec anche Genova ha avuto i suoi bravi De Gregorio, pronti all&#8217;ultimo momento ad assicurarsi un seggio al Parlamento saltando su una barca diversa da quella grazie alla quale avevano avuto i voti per entrare in Regione. Sarebbe curioso sapere che cosa ne pensano i loro elettori&#8230;<br \/>\nUno \u00e8 quel Giovanni Paladini, un tempo della Margherita, la cui figura abbiamo visto campeggiare a grandezza naturale, ora in jeans, ora in completo azzurro &#8211; cos\u00ec il messaggio delle sue possibilit\u00e0 trasformiste era pi\u00f9 che chiaro &#8211; nella campagna di una tornata elettorale della Regione. L&#8217;altro \u00e8 tale Rosario Monteleone, gi\u00e0 noto alle cronache genovesi per aver ostacolato con protervia &#8211; e non si \u00e8 capito con quale diritto &#8211; l&#8217;elezione del presidente Repetto alla Provincia. Costui quatto quatto, all&#8217;ultimo momento, con un bel salto pirotecnico si \u00e8 catapultato sul trenino di Casini ottenendo in lista uno dei posti che con questa stronzata di legge elettorale potrebbe fornirgli l&#8217;elezione.<br \/>\nEntrambi fanno professione rigorosa di devozione alla famiglia, alla Chiesa e a tanti altri valori della tradizione. Pare gi\u00e0 di vederli arringare i loro, nei prossimi giorni, in zona Matteotti e aggirarsi con occhio di riguardo e scrutatore attorno all&#8217;Episcopio&#8230;<br \/>\n<strong><em>(Giovanni Meriana) <\/em><\/strong><\/p>\n","protected":false},"excerpt":{"rendered":"<p>E cos\u00ec anche Genova ha avuto i suoi bravi De Gregorio, pronti all&#8217;ultimo momento ad assicurarsi un seggio al Parlamento saltando su una barca diversa da quella grazie alla quale avevano avuto i voti per entrare in Regione. Sarebbe curioso sapere che cosa ne pensano i loro elettori&#8230; Uno \u00e8 quel Giovanni Paladini, un tempo [&hellip;]<\/p>\n","protected":false},"author":1,"featured_media":0,"comment_status":"open","ping_status":"closed","sticky":false,"template":"","format":"standard","meta":{"footnotes":""},"categories":[188,10],"tags":[],"class_list":["post-1521","post","type-post","status-publish","format-standard","hentry","category-188","category-politica"],"_links":{"self":[{"href":"https:\/\/www.olinews.it\/mt\/index.php?rest_route=\/wp\/v2\/posts\/1521","targetHints":{"allow":["GET"]}}],"collection":[{"href":"https:\/\/www.olinews.it\/mt\/index.php?rest_route=\/wp\/v2\/posts"}],"about":[{"href":"https:\/\/www.olinews.it\/mt\/index.php?rest_route=\/wp\/v2\/types\/post"}],"author":[{"embeddable":true,"href":"https:\/\/www.olinews.it\/mt\/index.php?rest_route=\/wp\/v2\/users\/1"}],"replies":[{"embeddable":true,"href":"https:\/\/www.olinews.it\/mt\/index.php?rest_route=%2Fwp%2Fv2%2Fcomments&post=1521"}],"version-history":[{"count":0,"href":"https:\/\/www.olinews.it\/mt\/index.php?rest_route=\/wp\/v2\/posts\/1521\/revisions"}],"wp:attachment":[{"href":"https:\/\/www.olinews.it\/mt\/index.php?rest_route=%2Fwp%2Fv2%2Fmedia&parent=1521"}],"wp:term":[{"taxonomy":"category","embeddable":true,"href":"https:\/\/www.olinews.it\/mt\/index.php?rest_route=%2Fwp%2Fv2%2Fcategories&post=1521"},{"taxonomy":"post_tag","embeddable":true,"href":"https:\/\/www.olinews.it\/mt\/index.php?rest_route=%2Fwp%2Fv2%2Ftags&post=1521"}],"curies":[{"name":"wp","href":"https:\/\/api.w.org\/{rel}","templated":true}]}}