{"id":1522,"date":"2008-04-02T16:41:37","date_gmt":"2008-04-02T16:41:37","guid":{"rendered":"http:\/\/www.comevedonoidaltonici.com\/wordpress\/?p=1522"},"modified":"2008-04-02T16:41:37","modified_gmt":"2008-04-02T16:41:37","slug":"g82-quei-mandanti-politici-non-tanto-misteriosi","status":"publish","type":"post","link":"https:\/\/www.olinews.it\/mt\/?p=1522","title":{"rendered":"G8\/2 &#8211; Quei mandanti politici non tanto misteriosi"},"content":{"rendered":"<p>Che l&#8217;Avvocatura dello Stato sia stata autorizzata a presentare pubbliche scuse al processo G8 in corso a Genova, per le torture (anche se il codice le chiama diversamente) avvenute nella caserma-prigione di Bolzaneto, \u00e8 un segnale che qualcosa si muove. Cos\u00ec almeno viene letto da chi vuol credere ostinatamente nelle istituzioni, dopo la lunga sequenza di fatti che fanno perdere ogni fiducia: basti pensare non solo all&#8217;impunit\u00e0 assicurata (\u00e8 ormai prossima la prescrizione dei reati), ma alle promozioni che hanno premiato tutti, nessuno escluso, i funzionari responsabili di tante efferatezze.<\/p>\n<p><!--more--><br \/>\nOra forse sar\u00e0 possibile anche quel processo alle responsabilit\u00e0 politiche che, commissione d&#8217;inchiesta parlamentare o meno, si dovr\u00e0 pure aprire. Perch\u00e9 non basta colpire come vanno colpiti poliziotti, medici e uomini (ma anche donne) della Penitenziaria che si distinsero come aguzzini, fino ad arrivare allo stesso capo della polizia, a quanto pare implicato. La giustizia non pu\u00f2 fermarsi a costoro, deve arrivare a chi sollecit\u00f2 la &#8220;lezione ai comunisti&#8221; come prova di forza del governo berlusconiano appena insediato. Che ci facevano in quelle ore a Genova, nel quartier generale dei carabinieri, il vicepresidente del Consiglio, Fini, e il suo scudiero locale Bornacin?<br \/>\nNon si pu\u00f2 neppure dimenticare per\u00f2 un&#8217;altra presenza pi\u00f9 che significativa, proprio sul teatro delle torture, nel lager di Bolzaneto, dove la notte delle violenze c&#8217;era lo stesso ministro della giustizia, Castelli, insieme ad alcuni magistrati-ispettori. Solo che non si accorse di niente o quasi. Not\u00f2 qualcosa di &#8220;curioso&#8221;: tutti quei prigionieri fermi in piedi, dietro le sbarre, braccia alzate e testa contro il muro. Prov\u00f2 perfino a chiedere spiegazioni e gli risposero che si trattava di misure precauzionali: se non li avessero tenuti cos\u00ec immobili quei giovani si sarebbero azzuffati tra loro appartenendo a gruppi contrapposti. Stupefacente \u00e8 che un ministro ci creda e che ancora oggi ripeta: &#8220;Anche gli operai stanno ore in piedi e nessuno parla di torture&#8221;. Fa male solo il pensiero che un ingegnere cos\u00ec potrebbe tornare a governarci.<br \/>\n<strong><em>(Camillo Arcuri)<\/em><\/strong><\/p>\n","protected":false},"excerpt":{"rendered":"<p>Che l&#8217;Avvocatura dello Stato sia stata autorizzata a presentare pubbliche scuse al processo G8 in corso a Genova, per le torture (anche se il codice le chiama diversamente) avvenute nella caserma-prigione di Bolzaneto, \u00e8 un segnale che qualcosa si muove. Cos\u00ec almeno viene letto da chi vuol credere ostinatamente nelle istituzioni, dopo la lunga sequenza [&hellip;]<\/p>\n","protected":false},"author":1,"featured_media":0,"comment_status":"open","ping_status":"closed","sticky":false,"template":"","format":"standard","meta":{"footnotes":""},"categories":[188,11,10],"tags":[],"class_list":["post-1522","post","type-post","status-publish","format-standard","hentry","category-188","category-diritti-umani","category-politica"],"_links":{"self":[{"href":"https:\/\/www.olinews.it\/mt\/index.php?rest_route=\/wp\/v2\/posts\/1522","targetHints":{"allow":["GET"]}}],"collection":[{"href":"https:\/\/www.olinews.it\/mt\/index.php?rest_route=\/wp\/v2\/posts"}],"about":[{"href":"https:\/\/www.olinews.it\/mt\/index.php?rest_route=\/wp\/v2\/types\/post"}],"author":[{"embeddable":true,"href":"https:\/\/www.olinews.it\/mt\/index.php?rest_route=\/wp\/v2\/users\/1"}],"replies":[{"embeddable":true,"href":"https:\/\/www.olinews.it\/mt\/index.php?rest_route=%2Fwp%2Fv2%2Fcomments&post=1522"}],"version-history":[{"count":0,"href":"https:\/\/www.olinews.it\/mt\/index.php?rest_route=\/wp\/v2\/posts\/1522\/revisions"}],"wp:attachment":[{"href":"https:\/\/www.olinews.it\/mt\/index.php?rest_route=%2Fwp%2Fv2%2Fmedia&parent=1522"}],"wp:term":[{"taxonomy":"category","embeddable":true,"href":"https:\/\/www.olinews.it\/mt\/index.php?rest_route=%2Fwp%2Fv2%2Fcategories&post=1522"},{"taxonomy":"post_tag","embeddable":true,"href":"https:\/\/www.olinews.it\/mt\/index.php?rest_route=%2Fwp%2Fv2%2Ftags&post=1522"}],"curies":[{"name":"wp","href":"https:\/\/api.w.org\/{rel}","templated":true}]}}