{"id":1527,"date":"2008-04-09T09:53:00","date_gmt":"2008-04-09T09:53:00","guid":{"rendered":"http:\/\/www.comevedonoidaltonici.com\/wordpress\/?p=1527"},"modified":"2008-04-09T09:53:00","modified_gmt":"2008-04-09T09:53:00","slug":"giovani-immigrati-una-bella-notizia-attesa-10-anni","status":"publish","type":"post","link":"https:\/\/www.olinews.it\/mt\/?p=1527","title":{"rendered":"Giovani immigrati &#8211; Una bella notizia attesa 10 anni"},"content":{"rendered":"<p>Fino al 28 marzo scorso, quando i giovani immigrati compivano 18 anni e diventavano maggiorenni erano costretti a scegliere tra permesso di soggiorno per motivi di studio e permesso di soggiorno per motivi di lavoro. Nel primo caso, una volta completati gli studi, non potevano pi\u00f9 richiedere un permesso di soggiorno per lavoro, e impiegare cos\u00ec in Italia la professionalit\u00e0 appena conseguita, ma dovevano lasciare il Paese, e quando gli studi andavano male e non venivano raggiunti i requisiti previsti, le questure rifiutavano il rinnovo del documento, decretando la clandestinit\u00e0 di fatto dei giovani. Se invece avessero lasciato gli studi e avessero scelto il permesso per &#8220;motivi di lavoro&#8221; i giovani immigrati rischiavano la clandestinit\u00e0 quando perdevano il loro lavoro e non ne trovavano un altro entro sei mesi.<\/p>\n<p><!--more--><br \/>\nOra la circolare del ministro dell&#8217;Interno del 28 marzo 2008 ammette finalmente la possibilit\u00e0 di rinnovare i permessi di soggiorno anche per motivi familiari al compimento del diciottesimo anno di et\u00e0. Il rinnovo avr\u00e0 la stessa durata di quello del genitore, purch\u00e9 quest&#8217;ultimo soddisfi le condizioni di reddito e di alloggio richieste per il ricongiungimento familiare.<br \/>\nE&#8217; una bella notizia per i giovani immigrati che vivevano in una situazione di grande incertezza, tale da impedire loro di pensare ad un progetto credibile per il futuro, ci\u00f2 che moltiplicava i possibili percorsi di emarginazione.<br \/>\nIl Forum Antirazzista di Genova che tra il 1995 ed il 2001 costituiva il centro della attivit\u00e0 politica e sociale sulla immigrazione nella nostra citt\u00e0, dedicava all&#8217;integrazione dei minori e dei giovani immigrati una parte importante della propria iniziativa ed aveva chiesto pi\u00f9 volte alle istituzioni l&#8217;emanazione di tale circolare. Il ministro oggi usa le stesse argomentazioni che venivano allora esposte dal Forum Antirazzista. La normativa che disciplina il rinnovo dei permessi di soggiorno non \u00e8 cambiata, \u00e8 sempre la stessa del 1998, e la circolare, con l&#8217;interpretazione corretta, arriva con un ritardo di 10 anni. Meglio tardi che mai.<br \/>\n<strong><em>(Saleh Zaghloul) <\/em><\/strong><\/p>\n","protected":false},"excerpt":{"rendered":"<p>Fino al 28 marzo scorso, quando i giovani immigrati compivano 18 anni e diventavano maggiorenni erano costretti a scegliere tra permesso di soggiorno per motivi di studio e permesso di soggiorno per motivi di lavoro. Nel primo caso, una volta completati gli studi, non potevano pi\u00f9 richiedere un permesso di soggiorno per lavoro, e impiegare [&hellip;]<\/p>\n","protected":false},"author":1,"featured_media":0,"comment_status":"open","ping_status":"closed","sticky":false,"template":"","format":"standard","meta":{"footnotes":""},"categories":[189,7],"tags":[],"class_list":["post-1527","post","type-post","status-publish","format-standard","hentry","category-189","category-immigrazione"],"_links":{"self":[{"href":"https:\/\/www.olinews.it\/mt\/index.php?rest_route=\/wp\/v2\/posts\/1527","targetHints":{"allow":["GET"]}}],"collection":[{"href":"https:\/\/www.olinews.it\/mt\/index.php?rest_route=\/wp\/v2\/posts"}],"about":[{"href":"https:\/\/www.olinews.it\/mt\/index.php?rest_route=\/wp\/v2\/types\/post"}],"author":[{"embeddable":true,"href":"https:\/\/www.olinews.it\/mt\/index.php?rest_route=\/wp\/v2\/users\/1"}],"replies":[{"embeddable":true,"href":"https:\/\/www.olinews.it\/mt\/index.php?rest_route=%2Fwp%2Fv2%2Fcomments&post=1527"}],"version-history":[{"count":0,"href":"https:\/\/www.olinews.it\/mt\/index.php?rest_route=\/wp\/v2\/posts\/1527\/revisions"}],"wp:attachment":[{"href":"https:\/\/www.olinews.it\/mt\/index.php?rest_route=%2Fwp%2Fv2%2Fmedia&parent=1527"}],"wp:term":[{"taxonomy":"category","embeddable":true,"href":"https:\/\/www.olinews.it\/mt\/index.php?rest_route=%2Fwp%2Fv2%2Fcategories&post=1527"},{"taxonomy":"post_tag","embeddable":true,"href":"https:\/\/www.olinews.it\/mt\/index.php?rest_route=%2Fwp%2Fv2%2Ftags&post=1527"}],"curies":[{"name":"wp","href":"https:\/\/api.w.org\/{rel}","templated":true}]}}