{"id":1529,"date":"2008-04-09T09:57:23","date_gmt":"2008-04-09T09:57:23","guid":{"rendered":"http:\/\/www.comevedonoidaltonici.com\/wordpress\/?p=1529"},"modified":"2008-04-09T09:57:23","modified_gmt":"2008-04-09T09:57:23","slug":"alitalia-non-cordate-ma-collette","status":"publish","type":"post","link":"https:\/\/www.olinews.it\/mt\/?p=1529","title":{"rendered":"Alitalia &#8211; Non cordate, ma collette"},"content":{"rendered":"<p>C&#8217;\u00e8 una sottile e divertente analogia tra la vicenda dell&#8217;Alitalia e quella dell&#8217;ormai famosa precaria di Berlusconi. L&#8217;Alitalia aveva un corteggiatore (l&#8217;Air France-KLM), la precaria (ipotizziamo) un fidanzato. Berlusconi \u00e8 intervenuto con tutte e due, all&#8217;Alitalia promettendo una cordata italiana pi\u00f9 onorevole e patriottica, alla precaria facendole balenare l&#8217;idea di un matrimonio con un Principe azzurro (e miliardario). Risultato: Alitalia e precaria sono rimaste per ora zitelle.<\/p>\n<p><!--more--><br \/>\nMa c&#8217;\u00e8 dell&#8217;altro. La cordata promessa da Berlusconi (prima con i figli, poi senza figli) non parla di grossi gruppi industriali o di grandi banche che si assumano &#8211; su un preciso piano industriale &#8211; il compito di sostituirsi all&#8217;Air France e salvare la compagnia di bandiere: in realt\u00e0, \u00e8 un appello al maggior numero possibile di generosi e patriottici &#8220;ricchi&#8221; affinch\u00e9 tirino fuori almeno una &#8220;fiche&#8221; (parole sue) per costituire un gruzzoletto e strappare l&#8217;Alitalia all&#8217;aborrito invasore. Di piano industriale non si fa cenno: i &#8220;ricchi&#8221; di cui sopra dovrebbero insomma tirar fuori qualcosa a fondo perduto, che permetta all&#8217;Alitalia di tirare avanti per qualche mese. Dopo di che &#8211; sempre in assenza di progetto che riorganizzi e ristrutturi il tutto &#8211; occorreranno altre &#8220;fiches&#8221;, sempre pi\u00f9 generose e sempre pi\u00f9 patriottiche. Perfino Bossi si \u00e8 mostrato scettico in merito all&#8217;ipotesi che tanti industriali e industrialotti si imbarchino in un&#8217;impresa che pu\u00f2 solo produrre perdite: non essendo questo &#8211; per quanto se ne sappia &#8211; il loro scopo.<br \/>\nCerto: Berlusconi avr\u00e0 i suoi strumenti di persuasione. Se vuoi vendere i tuoi prodotti nei suoi supermercati, sgancia qui uno o due milioni di euro. Per\u00f2\u2026 non parliamo di cordata! Questa &#8211; al massimo &#8211; \u00e8 una colletta.<br \/>\n<strong><em>(Luigi Lunari) <\/em><\/strong><\/p>\n","protected":false},"excerpt":{"rendered":"<p>C&#8217;\u00e8 una sottile e divertente analogia tra la vicenda dell&#8217;Alitalia e quella dell&#8217;ormai famosa precaria di Berlusconi. L&#8217;Alitalia aveva un corteggiatore (l&#8217;Air France-KLM), la precaria (ipotizziamo) un fidanzato. Berlusconi \u00e8 intervenuto con tutte e due, all&#8217;Alitalia promettendo una cordata italiana pi\u00f9 onorevole e patriottica, alla precaria facendole balenare l&#8217;idea di un matrimonio con un Principe [&hellip;]<\/p>\n","protected":false},"author":1,"featured_media":0,"comment_status":"open","ping_status":"closed","sticky":false,"template":"","format":"standard","meta":{"footnotes":""},"categories":[189,10],"tags":[],"class_list":["post-1529","post","type-post","status-publish","format-standard","hentry","category-189","category-politica"],"_links":{"self":[{"href":"https:\/\/www.olinews.it\/mt\/index.php?rest_route=\/wp\/v2\/posts\/1529","targetHints":{"allow":["GET"]}}],"collection":[{"href":"https:\/\/www.olinews.it\/mt\/index.php?rest_route=\/wp\/v2\/posts"}],"about":[{"href":"https:\/\/www.olinews.it\/mt\/index.php?rest_route=\/wp\/v2\/types\/post"}],"author":[{"embeddable":true,"href":"https:\/\/www.olinews.it\/mt\/index.php?rest_route=\/wp\/v2\/users\/1"}],"replies":[{"embeddable":true,"href":"https:\/\/www.olinews.it\/mt\/index.php?rest_route=%2Fwp%2Fv2%2Fcomments&post=1529"}],"version-history":[{"count":0,"href":"https:\/\/www.olinews.it\/mt\/index.php?rest_route=\/wp\/v2\/posts\/1529\/revisions"}],"wp:attachment":[{"href":"https:\/\/www.olinews.it\/mt\/index.php?rest_route=%2Fwp%2Fv2%2Fmedia&parent=1529"}],"wp:term":[{"taxonomy":"category","embeddable":true,"href":"https:\/\/www.olinews.it\/mt\/index.php?rest_route=%2Fwp%2Fv2%2Fcategories&post=1529"},{"taxonomy":"post_tag","embeddable":true,"href":"https:\/\/www.olinews.it\/mt\/index.php?rest_route=%2Fwp%2Fv2%2Ftags&post=1529"}],"curies":[{"name":"wp","href":"https:\/\/api.w.org\/{rel}","templated":true}]}}