{"id":1533,"date":"2008-04-16T09:43:50","date_gmt":"2008-04-16T09:43:50","guid":{"rendered":"http:\/\/www.comevedonoidaltonici.com\/wordpress\/?p=1533"},"modified":"2008-04-16T09:43:50","modified_gmt":"2008-04-16T09:43:50","slug":"fondazione-aspettando-il-suo-programma","status":"publish","type":"post","link":"https:\/\/www.olinews.it\/mt\/?p=1533","title":{"rendered":"Fondazione: aspettando il suo programma"},"content":{"rendered":"<p>Ho letto con molto interesse gli interventi di Calegari su cultura-genova-fondazione ecc. Come sempre Manlio in poche righe introduce molti argomenti su cui riflettere e confrontarsi. Cosa che mi piacerebbe fare rispondendo anche agli interrogativi avanzati. Con una puntualizzazione che ritengo comunque opportuna. Forse alcuni &#8220;politici&#8221; hanno risposto alla davvero modesta discussione aperta da Il Lavoro con un intervista pi\u00f9 o meno puntuale perch\u00e8 &#8220;verba volant&#8221; ma il sottoscritto ha cercato di introdurre temi, forse non rilevanti, firmando e senza alcuna intenzione di chiudere il dibattito.<\/p>\n<p><!--more--><br \/>\nAncora di pi\u00f9 mi &#8220;dolgo&#8221; di non aver partecipato perch\u00e8 votavo il bilancio del comune all&#8217;incontro della &#8220;Maona&#8221;. Dispiaciuto perch\u00e8 delle tesi presentate da Lingua e C. mi sento di non condividere nulla e ben volentieri avrei replicato portando anche qualche argomento che pur affrontato in tante citt\u00e0 italiane si ferma come nostra tradizione all&#8217;Appennino . Per quanto riguarda la Fondazione vorrei solo sottolineare alcune cose: non \u00e8 una nuova scatola, non \u00e8 un operazione di esternalizzazione di servizi comunali, non andr\u00e0 a pesare sul bilancio pubblico in termini superiori a quanto oggi investito. E&#8217; un operazione che ha come obiettivo il consolidamento del sistema civico affrontando alcuni temi: dalla programmazione alla comunicazione che sono stati spesso segnati da pesanti carenze. Spero per fine maggio di presentare il primo programma triennale e il quadro generale delle iniziative. Volentieri sono disponibile a proseguire la discussione.<br \/>\nUn abbraccio<br \/>\n<strong><em>(Luca Borzani) <\/em><\/strong><\/p>\n","protected":false},"excerpt":{"rendered":"<p>Ho letto con molto interesse gli interventi di Calegari su cultura-genova-fondazione ecc. Come sempre Manlio in poche righe introduce molti argomenti su cui riflettere e confrontarsi. Cosa che mi piacerebbe fare rispondendo anche agli interrogativi avanzati. Con una puntualizzazione che ritengo comunque opportuna. Forse alcuni &#8220;politici&#8221; hanno risposto alla davvero modesta discussione aperta da Il [&hellip;]<\/p>\n","protected":false},"author":1,"featured_media":0,"comment_status":"open","ping_status":"closed","sticky":false,"template":"","format":"standard","meta":{"footnotes":""},"categories":[190,160],"tags":[],"class_list":["post-1533","post","type-post","status-publish","format-standard","hentry","category-190","category-lettere"],"_links":{"self":[{"href":"https:\/\/www.olinews.it\/mt\/index.php?rest_route=\/wp\/v2\/posts\/1533","targetHints":{"allow":["GET"]}}],"collection":[{"href":"https:\/\/www.olinews.it\/mt\/index.php?rest_route=\/wp\/v2\/posts"}],"about":[{"href":"https:\/\/www.olinews.it\/mt\/index.php?rest_route=\/wp\/v2\/types\/post"}],"author":[{"embeddable":true,"href":"https:\/\/www.olinews.it\/mt\/index.php?rest_route=\/wp\/v2\/users\/1"}],"replies":[{"embeddable":true,"href":"https:\/\/www.olinews.it\/mt\/index.php?rest_route=%2Fwp%2Fv2%2Fcomments&post=1533"}],"version-history":[{"count":0,"href":"https:\/\/www.olinews.it\/mt\/index.php?rest_route=\/wp\/v2\/posts\/1533\/revisions"}],"wp:attachment":[{"href":"https:\/\/www.olinews.it\/mt\/index.php?rest_route=%2Fwp%2Fv2%2Fmedia&parent=1533"}],"wp:term":[{"taxonomy":"category","embeddable":true,"href":"https:\/\/www.olinews.it\/mt\/index.php?rest_route=%2Fwp%2Fv2%2Fcategories&post=1533"},{"taxonomy":"post_tag","embeddable":true,"href":"https:\/\/www.olinews.it\/mt\/index.php?rest_route=%2Fwp%2Fv2%2Ftags&post=1533"}],"curies":[{"name":"wp","href":"https:\/\/api.w.org\/{rel}","templated":true}]}}