{"id":1534,"date":"2008-04-16T09:47:45","date_gmt":"2008-04-16T09:47:45","guid":{"rendered":"http:\/\/www.comevedonoidaltonici.com\/wordpress\/?p=1534"},"modified":"2008-04-16T09:47:45","modified_gmt":"2008-04-16T09:47:45","slug":"elezioni-spiegare-la-storia-ai-nostri-nipoti","status":"publish","type":"post","link":"https:\/\/www.olinews.it\/mt\/?p=1534","title":{"rendered":"Elezioni &#8211; Spiegare la storia ai nostri nipoti"},"content":{"rendered":"<p><em>Che botta!<br \/>\nTragedia! Grande tragedia!<br \/>\nSvegliarsi con questo governo!<br \/>\nNo. Io proprio domani non mi sveglio. Mi giro dall&#8217;altra parte.<br \/>\nSai che faccio? Da oggi non parlo pi\u00f9 di politica: solo di cucina e figli\u2026Ma davvero \u00e8 andata cos\u00ec male? Quanto male?<br \/>\nSono fuori di casa\u2026Non ci posso credere\u2026<br \/>\nHai idea di quando nomineranno i ministri? Beh allora toccheremo il fondo!<br \/>\nPromettimi, davvero promettimi che non parleremo pi\u00f9 di politica!<br \/>\nMa il PD \u00e8 andato bene\u2026<br \/>\nE gi\u00e0. Ma abbiamo perso tutti <\/em><br \/>\nLa dimensione della catastrofe si accende sulla mia linea telefonica. E&#8217; come una valanga. Una slavina di cui conosci entit\u00e0 e grandezza, della quale non puoi ancora quantificare le vittime, ma puoi prevederne l&#8217;impatto.<\/p>\n<p><!--more--><br \/>\nSi materializza la scuola: cosa faranno nella scuola? Nella sanit\u00e0. Nell&#8217;assistenza. Nella magistratura. Nel precariato. E ancora per gli extracomunitari, e la politica estera. Come un maremoto annunciato per il quale non puoi fare nulla tranne che aspettare l&#8217;onda &#8211; anomala certo &#8211; che spazzer\u00e0 via molto. Forse tutto. Sembra una catastrofe naturale. Ma su di noi solo una pagina di storia. Uno di quei capitoli nei quali si annuncia il tragico epilogo degli eventi, in cui allo studente accorto si spiegano le ragioni di ci\u00f2 che \u00e8 accaduto dopo. E se ne dimostra l&#8217;evidenza amara. E lo studente si impossessa della chiarezza. E in lui &#8211; ancora &#8211; l&#8217;impotenza delle conseguenze. Perch\u00e9 certo, se ci fosse stato, con un salto nel passato, avrebbe, lui da solo, camb iato gli eventi.<br \/>\nVenti righe di storia, su un libro di testo per i nostri allibiti nipoti. Quello che viene dopo \u00e8 gi\u00e0 scritto. La loro impotenza sar\u00e0 la nostra di oggi.<br \/>\nCome la spiegheremo?<br \/>\n<strong><em>(Giulia Parodi)<\/em><\/strong><\/p>\n","protected":false},"excerpt":{"rendered":"<p>Che botta! Tragedia! Grande tragedia! Svegliarsi con questo governo! No. Io proprio domani non mi sveglio. Mi giro dall&#8217;altra parte. Sai che faccio? Da oggi non parlo pi\u00f9 di politica: solo di cucina e figli\u2026Ma davvero \u00e8 andata cos\u00ec male? Quanto male? Sono fuori di casa\u2026Non ci posso credere\u2026 Hai idea di quando nomineranno i [&hellip;]<\/p>\n","protected":false},"author":1,"featured_media":0,"comment_status":"open","ping_status":"closed","sticky":false,"template":"","format":"standard","meta":{"footnotes":""},"categories":[190],"tags":[],"class_list":["post-1534","post","type-post","status-publish","format-standard","hentry","category-190"],"_links":{"self":[{"href":"https:\/\/www.olinews.it\/mt\/index.php?rest_route=\/wp\/v2\/posts\/1534","targetHints":{"allow":["GET"]}}],"collection":[{"href":"https:\/\/www.olinews.it\/mt\/index.php?rest_route=\/wp\/v2\/posts"}],"about":[{"href":"https:\/\/www.olinews.it\/mt\/index.php?rest_route=\/wp\/v2\/types\/post"}],"author":[{"embeddable":true,"href":"https:\/\/www.olinews.it\/mt\/index.php?rest_route=\/wp\/v2\/users\/1"}],"replies":[{"embeddable":true,"href":"https:\/\/www.olinews.it\/mt\/index.php?rest_route=%2Fwp%2Fv2%2Fcomments&post=1534"}],"version-history":[{"count":0,"href":"https:\/\/www.olinews.it\/mt\/index.php?rest_route=\/wp\/v2\/posts\/1534\/revisions"}],"wp:attachment":[{"href":"https:\/\/www.olinews.it\/mt\/index.php?rest_route=%2Fwp%2Fv2%2Fmedia&parent=1534"}],"wp:term":[{"taxonomy":"category","embeddable":true,"href":"https:\/\/www.olinews.it\/mt\/index.php?rest_route=%2Fwp%2Fv2%2Fcategories&post=1534"},{"taxonomy":"post_tag","embeddable":true,"href":"https:\/\/www.olinews.it\/mt\/index.php?rest_route=%2Fwp%2Fv2%2Ftags&post=1534"}],"curies":[{"name":"wp","href":"https:\/\/api.w.org\/{rel}","templated":true}]}}