{"id":1537,"date":"2008-04-16T09:54:22","date_gmt":"2008-04-16T09:54:22","guid":{"rendered":"http:\/\/www.comevedonoidaltonici.com\/wordpress\/?p=1537"},"modified":"2008-04-16T09:54:22","modified_gmt":"2008-04-16T09:54:22","slug":"sanita1-le-non-notizie-da-conoscere","status":"publish","type":"post","link":"https:\/\/www.olinews.it\/mt\/?p=1537","title":{"rendered":"Sanit\u00e0\/1 &#8211; Le non notizie da conoscere"},"content":{"rendered":"<p>Fra gli ultimi provvedimenti che il Governo si \u00e8 apprestato ad approvare prima delle elezioni vi \u00e8 il Decreto attuativo -firmato il 2 aprile- di una legge che prevede il passaggio della Medicina penitenziaria dal ministero della Giustizia al Servizio sanitario nazionale. Questa legge \u00e8 la 230 del 1999, ed \u00e8 stata promulgata con l&#8217;intento di rispettare tanto la normativa europea quanto l&#8217;art. 32 della Costituzione Italiana che prevedono che ogni cittadino abbia diritto alle stesse cure qualsiasi sia il suo stato sociale ed economico. Dopo otto anni quindi la gestione degli interventi sanitari e del personale medico e infermieristico non dipender\u00e0 pi\u00f9 dagli Istituti di detenzione e passer\u00e0 al SSN, quindi alle Regioni. Potrebbe sembrare un&#8217;informazione destinata ad un pubblico ristretto, &#8216;tecnico&#8217;, a chi in carcere ci lavora o ha a che fare con esso; ma in realt\u00e0 tocca ugualmente tutti i cittadini, visto che in seguito al decreto la regione Liguria si trover\u00e0 a dover gestire un centinaio di dipendenti in pi\u00f9 e assicurare lo stesso livello di assistenza dentro e fuori il carcere, e senza che per questa operazione siano stati assegnati fondi aggiuntivi. Si parla di posti di lavoro, di appalti dei servizi infermieristici, di soldi che la Regione potrebbe dover integrare per assicurare il servizio: cose che, ad oggi, non hanno ancora trovato posto sulla nostra stampa locale.<br \/>\n<strong><em>(Maria Cecilia Averame)<\/em><\/strong><\/p>\n","protected":false},"excerpt":{"rendered":"<p>Fra gli ultimi provvedimenti che il Governo si \u00e8 apprestato ad approvare prima delle elezioni vi \u00e8 il Decreto attuativo -firmato il 2 aprile- di una legge che prevede il passaggio della Medicina penitenziaria dal ministero della Giustizia al Servizio sanitario nazionale. Questa legge \u00e8 la 230 del 1999, ed \u00e8 stata promulgata con l&#8217;intento [&hellip;]<\/p>\n","protected":false},"author":1,"featured_media":0,"comment_status":"open","ping_status":"closed","sticky":false,"template":"","format":"standard","meta":{"footnotes":""},"categories":[190,9],"tags":[],"class_list":["post-1537","post","type-post","status-publish","format-standard","hentry","category-190","category-salute"],"_links":{"self":[{"href":"https:\/\/www.olinews.it\/mt\/index.php?rest_route=\/wp\/v2\/posts\/1537","targetHints":{"allow":["GET"]}}],"collection":[{"href":"https:\/\/www.olinews.it\/mt\/index.php?rest_route=\/wp\/v2\/posts"}],"about":[{"href":"https:\/\/www.olinews.it\/mt\/index.php?rest_route=\/wp\/v2\/types\/post"}],"author":[{"embeddable":true,"href":"https:\/\/www.olinews.it\/mt\/index.php?rest_route=\/wp\/v2\/users\/1"}],"replies":[{"embeddable":true,"href":"https:\/\/www.olinews.it\/mt\/index.php?rest_route=%2Fwp%2Fv2%2Fcomments&post=1537"}],"version-history":[{"count":0,"href":"https:\/\/www.olinews.it\/mt\/index.php?rest_route=\/wp\/v2\/posts\/1537\/revisions"}],"wp:attachment":[{"href":"https:\/\/www.olinews.it\/mt\/index.php?rest_route=%2Fwp%2Fv2%2Fmedia&parent=1537"}],"wp:term":[{"taxonomy":"category","embeddable":true,"href":"https:\/\/www.olinews.it\/mt\/index.php?rest_route=%2Fwp%2Fv2%2Fcategories&post=1537"},{"taxonomy":"post_tag","embeddable":true,"href":"https:\/\/www.olinews.it\/mt\/index.php?rest_route=%2Fwp%2Fv2%2Ftags&post=1537"}],"curies":[{"name":"wp","href":"https:\/\/api.w.org\/{rel}","templated":true}]}}