{"id":1540,"date":"2008-04-16T10:00:55","date_gmt":"2008-04-16T10:00:55","guid":{"rendered":"http:\/\/www.comevedonoidaltonici.com\/wordpress\/?p=1540"},"modified":"2008-04-16T10:00:55","modified_gmt":"2008-04-16T10:00:55","slug":"questa-newsletter","status":"publish","type":"post","link":"https:\/\/www.olinews.it\/mt\/?p=1540","title":{"rendered":"Questa Newsletter"},"content":{"rendered":"<p>L&#8217;Osservatorio Ligure sull&#8217;Informazione &#8211; che produce settimanalmente questa newsletter &#8211; \u00e8 nato il 9 aprile 2003. Il proposito era &#8220;contrastare l&#8217;omologazione del sistema informativo, la riduzione progressiva delle voci di dissenso, il conformismo degli operatori di giornali, radio e tv&#8221;. Cinque anni di esperienza ci hanno fatto capire che si trattava di fenomeni che, esplosi durante il secondo governo Berlusconi, avevano per\u00f2 radici profonde. La politica, tutti i partiti, preferivano e continuano a preferire l&#8217;informazione addomesticata e spazi riservati. Una scelta che non a caso va di pari passo con una gestione della cosa pubblica poco trasparente. Solo nei tempi recenti la politica ha finalmente imboccato &#8211; spesso suo malgrado &#8211; la strada opposta e anche l&#8217;informazione se ne \u00e8 avvantaggiata.<\/p>\n<p><!--more--><br \/>\nMa i risultati delle elezioni dicono che si tratta di una strada in salita. Le recentissime dichiarazioni del futuro capo del governo che il problema del conflitto di interessi riguardi al massimo il 2% degli italiani \u00e8 preoccupante. E la sua ulteriore battuta, &#8220;non legger\u00f2 i giornali perch\u00e9 intanto mi sono contro..&#8221;, oltre ad essere singolare per essere pronunciata dal pi\u00f9 grande proprietario di televisioni e di quotidiani di questo paese, rivela il conto in cui viene tenuta l&#8217;opinione pubblica.<br \/>\nInsomma: ci sono buoni motivi per continuare a darci da fare. All&#8217;informazione, quella con la &#8220;i&#8221; maiuscola toccher\u00e0 l&#8217;impegno maggiore; noi cercheremo di fare la nostra piccola parte. Vorremmo pi\u00f9 collaborazioni, allargare il campo del nostro Osservatorio, rinnovare la formula.<br \/>\nAd esempio: il terzo valico si potr\u00e0 fare o meno ma \u00e8 necessario che i cittadini italiani siano messi nella condizione di sapere chi, come, con quali scambi e per quali attese si faccia; in altre parole: cosa davvero succede nel loro paese.<br \/>\nNella fase di confronto che si sta aprendo tra i partiti che hanno perso le elezioni il posto di rilievo dovrebbe averlo la libert\u00e0 di stampa.<br \/>\nNon \u00e8 un caso se il governo di centro sinistra guidato da Prodi non \u00e8 riuscito a varare una legge sulla riforma radiotelevisiva pur avendone elaborata una (Gentiloni) a parole sostenuta da tutta l&#8217;Unione. Egualmente \u00e8 sotto gli occhi di tutti il rapporto che gli stessi partiti &#8211; chi pi\u00f9 chi meno &#8211; hanno con i quotidiani: autoreferenziale quando non decisamente cinico. Un comportamento avvalorato da redazioni compiacenti se non servili.<br \/>\nLe decine di migliaia di collegamenti che ogni giorno privati cittadini stabiliscono col sito di Beppe Grillo dovrebbero essere sufficienti a capire quale sia la loro opinione sulla sincerit\u00e0 e la libert\u00e0 degli attuali quotidiani e dell&#8217;informazione in genere.<\/p>\n","protected":false},"excerpt":{"rendered":"<p>L&#8217;Osservatorio Ligure sull&#8217;Informazione &#8211; che produce settimanalmente questa newsletter &#8211; \u00e8 nato il 9 aprile 2003. Il proposito era &#8220;contrastare l&#8217;omologazione del sistema informativo, la riduzione progressiva delle voci di dissenso, il conformismo degli operatori di giornali, radio e tv&#8221;. Cinque anni di esperienza ci hanno fatto capire che si trattava di fenomeni che, esplosi [&hellip;]<\/p>\n","protected":false},"author":1,"featured_media":0,"comment_status":"open","ping_status":"closed","sticky":false,"template":"","format":"standard","meta":{"footnotes":""},"categories":[190,13,10],"tags":[],"class_list":["post-1540","post","type-post","status-publish","format-standard","hentry","category-190","category-informazione","category-politica"],"_links":{"self":[{"href":"https:\/\/www.olinews.it\/mt\/index.php?rest_route=\/wp\/v2\/posts\/1540","targetHints":{"allow":["GET"]}}],"collection":[{"href":"https:\/\/www.olinews.it\/mt\/index.php?rest_route=\/wp\/v2\/posts"}],"about":[{"href":"https:\/\/www.olinews.it\/mt\/index.php?rest_route=\/wp\/v2\/types\/post"}],"author":[{"embeddable":true,"href":"https:\/\/www.olinews.it\/mt\/index.php?rest_route=\/wp\/v2\/users\/1"}],"replies":[{"embeddable":true,"href":"https:\/\/www.olinews.it\/mt\/index.php?rest_route=%2Fwp%2Fv2%2Fcomments&post=1540"}],"version-history":[{"count":0,"href":"https:\/\/www.olinews.it\/mt\/index.php?rest_route=\/wp\/v2\/posts\/1540\/revisions"}],"wp:attachment":[{"href":"https:\/\/www.olinews.it\/mt\/index.php?rest_route=%2Fwp%2Fv2%2Fmedia&parent=1540"}],"wp:term":[{"taxonomy":"category","embeddable":true,"href":"https:\/\/www.olinews.it\/mt\/index.php?rest_route=%2Fwp%2Fv2%2Fcategories&post=1540"},{"taxonomy":"post_tag","embeddable":true,"href":"https:\/\/www.olinews.it\/mt\/index.php?rest_route=%2Fwp%2Fv2%2Ftags&post=1540"}],"curies":[{"name":"wp","href":"https:\/\/api.w.org\/{rel}","templated":true}]}}