{"id":1546,"date":"2008-04-23T22:31:26","date_gmt":"2008-04-23T22:31:26","guid":{"rendered":"http:\/\/www.comevedonoidaltonici.com\/wordpress\/?p=1546"},"modified":"2008-04-23T22:31:26","modified_gmt":"2008-04-23T22:31:26","slug":"immigrazione2-i-difficili-confini-della-legalita","status":"publish","type":"post","link":"https:\/\/www.olinews.it\/mt\/?p=1546","title":{"rendered":"Immigrazione\/2 &#8211; I difficili confini della legalit\u00e0"},"content":{"rendered":"<p>M. \u00e8 una giovane straniera extracomunitaria che vive a Genova con la sua famiglia, con regolare permesso di soggiorno. Per sbarcare il lunario fa le pulizie ad ore la mattina presso varie famiglie genovesi e la babysitter per altre famiglie il pomeriggio: naturalmente in nero. Un pomeriggio M. viene investita sulle strisce, assieme al bambino che accudiva. La sua prontezza le permette di spingere a lato il ragazzino e solo lei viene centrata dall&#8217;auto. Si riprendono velocemente: arriva la polizia, arriva l&#8217;ambulanza. M., consapevole della sua situazione spiega che il giovanotto \u00e8 figlio di un&#8217;amica cui ogni tanto fa un favore. Ha qualche costola spezzata, una spalla lussata e varie escoriazioni, ma il bambino ha la precedenza, quindi dovr\u00e0 andare con lui al Gaslini, attendere i genitori per poi venire anche lei ricoverata. La famiglia del bambino consapevole della sua situazione la assiste al meglio: le paga un avvocato, continua a retribuirla come in precedenza nonostante sia prima in ospedale e poi a casa a letto per qualche mese. Naturalmente M. per\u00f2 perde gli introiti dei lavori mattutini che non pu\u00f2 pi\u00f9 fare, e sar\u00e0 difficile dopo ricominciare. M. nonostante tutto difende le famiglie per cui lavora: non \u00e8 stata colpa loro, \u00e8 lei che non pu\u00f2 pi\u00f9 lavorare. Se le si parla di contratto, malattia e contributi continua a difendere i suoi datori di lavoro, \u00e8 un lavoro casalingo, non \u00e8 mica in una fabbrica, restare in nero conviene economicamente sia a lei che alle famiglie. E poi lei se la sa cavare. In pratica c&#8217;\u00e8 una sostanziale alleanza della lavoratrice e del datore di lavoro all&#8217;insegna dell&#8217;illegalit\u00e0, e questa giovane straniera che viene in Italia con una sincera voglia di lavorare, fa presto a capire che, se te la sai cavare e sei disponibile un posto lo trovi, ma in barba alle leggi.<br \/>\n<strong><em>(Maria Cecilia Averame)<\/em><\/strong><\/p>\n","protected":false},"excerpt":{"rendered":"<p>M. \u00e8 una giovane straniera extracomunitaria che vive a Genova con la sua famiglia, con regolare permesso di soggiorno. Per sbarcare il lunario fa le pulizie ad ore la mattina presso varie famiglie genovesi e la babysitter per altre famiglie il pomeriggio: naturalmente in nero. Un pomeriggio M. viene investita sulle strisce, assieme al bambino [&hellip;]<\/p>\n","protected":false},"author":1,"featured_media":0,"comment_status":"open","ping_status":"closed","sticky":false,"template":"","format":"standard","meta":{"footnotes":""},"categories":[191,7],"tags":[],"class_list":["post-1546","post","type-post","status-publish","format-standard","hentry","category-191","category-immigrazione"],"_links":{"self":[{"href":"https:\/\/www.olinews.it\/mt\/index.php?rest_route=\/wp\/v2\/posts\/1546","targetHints":{"allow":["GET"]}}],"collection":[{"href":"https:\/\/www.olinews.it\/mt\/index.php?rest_route=\/wp\/v2\/posts"}],"about":[{"href":"https:\/\/www.olinews.it\/mt\/index.php?rest_route=\/wp\/v2\/types\/post"}],"author":[{"embeddable":true,"href":"https:\/\/www.olinews.it\/mt\/index.php?rest_route=\/wp\/v2\/users\/1"}],"replies":[{"embeddable":true,"href":"https:\/\/www.olinews.it\/mt\/index.php?rest_route=%2Fwp%2Fv2%2Fcomments&post=1546"}],"version-history":[{"count":0,"href":"https:\/\/www.olinews.it\/mt\/index.php?rest_route=\/wp\/v2\/posts\/1546\/revisions"}],"wp:attachment":[{"href":"https:\/\/www.olinews.it\/mt\/index.php?rest_route=%2Fwp%2Fv2%2Fmedia&parent=1546"}],"wp:term":[{"taxonomy":"category","embeddable":true,"href":"https:\/\/www.olinews.it\/mt\/index.php?rest_route=%2Fwp%2Fv2%2Fcategories&post=1546"},{"taxonomy":"post_tag","embeddable":true,"href":"https:\/\/www.olinews.it\/mt\/index.php?rest_route=%2Fwp%2Fv2%2Ftags&post=1546"}],"curies":[{"name":"wp","href":"https:\/\/api.w.org\/{rel}","templated":true}]}}