{"id":1554,"date":"2008-04-30T14:27:43","date_gmt":"2008-04-30T14:27:43","guid":{"rendered":"http:\/\/www.comevedonoidaltonici.com\/wordpress\/?p=1554"},"modified":"2008-04-30T14:27:43","modified_gmt":"2008-04-30T14:27:43","slug":"costi-della-politica-e-mercato-delle-vacche","status":"publish","type":"post","link":"https:\/\/www.olinews.it\/mt\/?p=1554","title":{"rendered":"Costi della politica e mercato delle vacche"},"content":{"rendered":"<p>Nell&#8217;editoriale del <em>Secolo XIX<\/em> di domenica 20 aprile, &#8220;Il suk della politica&#8221;, si osserva come, ad oggi, le riflessioni sul voto non hanno neppure sfiorato il problema dei costi della politica. Che pure sono stati a lungo al centro della discussione e dell&#8217;azione del governo Prodi che in proposito ha elaborato e rielaborato pi\u00f9 volte una proposta di legge (Lanzillotta) che non ha avuto mai il via libera dalla stessa maggioranza. Per dire che il costi della politica \u00e8 uno dei terreni su cui l&#8217;Unione ha fallito e non dei meno importanti.<br \/>\nUna buona ragione &#8211; si legge nell&#8217;editoriale &#8211; perch\u00e8 il nuovo governo si metta a fare sul serio tagliando cos\u00ec l&#8217;erba sotto i piedi agli epigoni dell&#8217;antipolitica. Come Beppe Grillo &#8220;un artista formidabile che da anni fustiga le cattive abitudini del sistema&#8230; Se a migliaia lo applaudono, non solo perch\u00e8 sa far ridere, \u00e8 giusto interrogarsi sulle ragioni di quegli applausi. E fra esse \u00e8 facile incontrare l&#8217;indignazione legata agli smisurati costi voluttuari della politica&#8221;.<br \/>\nMostrare una concreta volont\u00e0 di rinnovamento: tagliare i costi della Casta e disboscare le sovrastrutture istituzionali &#8220;madri sempre incinte di padrini, giannizzeri e famigli che dalla politica lucrano munifici stipendi&#8221; avrebbe anche l&#8217;effetto non secondario di contenere se non abolire il mercato &#8211; il suk &#8211; della politica. Il cambio di partito o di corrente, la crisi di vocazione politica sono stati ancora la volta (l&#8217;editoriale ricorda un bel po&#8217; di casi liguri!) la costante che preceduto e accompagnato la formazione delle liste. &#8220;Un inverecondo mercato delle vacche&#8221; di cui i cittadini hanno chiesto a gran voce la chiusura.<br \/>\nLa parola ora torna alla politica e al futuro governo.<br \/>\n<strong><em>(Manlio Calegari)<\/em><\/strong><\/p>\n","protected":false},"excerpt":{"rendered":"<p>Nell&#8217;editoriale del Secolo XIX di domenica 20 aprile, &#8220;Il suk della politica&#8221;, si osserva come, ad oggi, le riflessioni sul voto non hanno neppure sfiorato il problema dei costi della politica. Che pure sono stati a lungo al centro della discussione e dell&#8217;azione del governo Prodi che in proposito ha elaborato e rielaborato pi\u00f9 volte [&hellip;]<\/p>\n","protected":false},"author":1,"featured_media":0,"comment_status":"open","ping_status":"closed","sticky":false,"template":"","format":"standard","meta":{"footnotes":""},"categories":[192,10],"tags":[],"class_list":["post-1554","post","type-post","status-publish","format-standard","hentry","category-192","category-politica"],"_links":{"self":[{"href":"https:\/\/www.olinews.it\/mt\/index.php?rest_route=\/wp\/v2\/posts\/1554","targetHints":{"allow":["GET"]}}],"collection":[{"href":"https:\/\/www.olinews.it\/mt\/index.php?rest_route=\/wp\/v2\/posts"}],"about":[{"href":"https:\/\/www.olinews.it\/mt\/index.php?rest_route=\/wp\/v2\/types\/post"}],"author":[{"embeddable":true,"href":"https:\/\/www.olinews.it\/mt\/index.php?rest_route=\/wp\/v2\/users\/1"}],"replies":[{"embeddable":true,"href":"https:\/\/www.olinews.it\/mt\/index.php?rest_route=%2Fwp%2Fv2%2Fcomments&post=1554"}],"version-history":[{"count":0,"href":"https:\/\/www.olinews.it\/mt\/index.php?rest_route=\/wp\/v2\/posts\/1554\/revisions"}],"wp:attachment":[{"href":"https:\/\/www.olinews.it\/mt\/index.php?rest_route=%2Fwp%2Fv2%2Fmedia&parent=1554"}],"wp:term":[{"taxonomy":"category","embeddable":true,"href":"https:\/\/www.olinews.it\/mt\/index.php?rest_route=%2Fwp%2Fv2%2Fcategories&post=1554"},{"taxonomy":"post_tag","embeddable":true,"href":"https:\/\/www.olinews.it\/mt\/index.php?rest_route=%2Fwp%2Fv2%2Ftags&post=1554"}],"curies":[{"name":"wp","href":"https:\/\/api.w.org\/{rel}","templated":true}]}}