{"id":1556,"date":"2008-04-30T14:31:49","date_gmt":"2008-04-30T14:31:49","guid":{"rendered":"http:\/\/www.comevedonoidaltonici.com\/wordpress\/?p=1556"},"modified":"2008-04-30T14:31:49","modified_gmt":"2008-04-30T14:31:49","slug":"ilva-loperaio-si-racconta-a-mezza-voce","status":"publish","type":"post","link":"https:\/\/www.olinews.it\/mt\/?p=1556","title":{"rendered":"Ilva &#8211; L&#8217;operaio si racconta a mezza voce"},"content":{"rendered":"<p>A pochi giorni dal 1\u00b0 maggio <em>Repubblica \u2013 Il Lavoro<\/em> (24 aprile &#8217;08) sulle Acciaierie di Cornigliano: punto di vista dall\u2019interno, testimonianza anonima.<br \/>\n\u201cL\u2019altro giorno alle tre e mezza del mattino un ragazzo stava guardando l\u2019ora sul cellulare, in quel momento \u00e8 passato Riva e l\u2019operaio si \u00e8 beccato un rapporto disciplinare. E attenzione che non ti cada l\u2019elmetto antinfortunistico di mano, perch\u00e9 altrimenti sono guai. Ecco questo \u00e8 il clima che si respira ormai all\u2019Ilva di Cornigliano\u201d. Dopo alcuni mesi di cassa integrazione \u201csiamo rientrati il 20 gennaio e la situazione non \u00e8 facile, nemmeno dal punto di vista degli impianti, dato che quelli della banda stagnata risalgono agli anni Quaranta, Cinquanta, ma il problema non \u00e8 nemmeno tanto il lavoro vero e proprio, quello lo conosciamo, il problema \u00e8 il clima di terrore che si \u00e8 instaurato\u201d.<\/p>\n<p><!--more--><br \/>\n&#8220;Clima di terrore&#8221;: le storie raccontate da chi all\u2019ILVA lavora hanno spesso questa patina pesante, cariche di un\u2019aria densa nella quale sospetto e desiderio di controllo sono alimenti principe. \u201cOgni giorno regaliamo quasi un\u2019ora al padrone\u201d &#8211; aggiunge l\u2019anonimo intervistato da Nadia Campini &#8211; \u201cQui \u00e8 l\u2019unico stabilimento dove abbiamo la doppia timbratura. All\u2019Ansaldo, come in tutte le fabbriche che si rispettino, conta la timbratura d\u2019entrata\u201d, ai tornelli. A Cornigliano quella in reparto.<br \/>\nMa cosa fa il dipendente in quel tragitto?<br \/>\nAspetta l\u2019autobus, va nello spogliatoio per cambiarsi, poi a piedi in reparto \u2013 se \u00e8 vicino \u2013 altrimenti aspetta un altro autobus interno. Un tempo \u2013 secondo l\u2019azienda \u2013 che dipende da lui e pertanto non va retribuito.<br \/>\nPer quale ragione? Per farlo correr? O perch\u00e9 non gli spetta? E poi chi decide se retribuirlo o meno? E perch\u00e9 in altre fabbriche quel tempo viene concesso?<br \/>\nParlare di timbrature all\u2019ILVA pu\u00f2 apparire \u2013 oggi \u2013 questione di lana caprina. Ma \u00e8 anche qui che si \u00e8 generato il \u201cclima di terrore\u201d. Dall\u2019idea che il dipendente \u2013 se pu\u00f2 \u2013 ti frega. E lo fa a priori. Quindi va tenuto sotto.<br \/>\n\u201cVuoi sapere la verit\u00e0? La verit\u00e0 \u00e8 che stanno facendo il possibile per farci andare via tutti. Tirano la corda. E quando non ce la fai pi\u00f9, te ne vai. Anche con meno soldi. Perch\u00e9 non \u00e8 pi\u00f9 vita l\u00e0 dentro\u201d, sussurra un altro anonimo.<br \/>\nIl 23 aprile Repubblica &#8211; Il Lavoro indica i numeri dell\u2019esodo dalle Acciaierie di Cornigliano: \u201cQuattordici licenziamenti dall\u2019agosto 2005; 201 dimissioni volontarie, 58 contratti non confermati\u201d.<br \/>\nBurlando quei numeri li ha letti in Regione ad una folta delegazione di cassintergrati e sindacalisti delle Acciaierie. \u201cQuattordici licenziamenti? Cinquantotto contratti non confermati?\u201d hanno ripetuto stupiti i presenti. Il Presidente della Regione ha annuito. Poi dicono che il suo sguardo si sia posato sui rappresentanti sindacali, come volesse chieder ragione di quei numeri passati sotto silenzio dal 2005 ad oggi. Ma \u00e8 stato solo un istante. Forse non era cosa.<br \/>\nBuon 1\u00b0 maggio.<br \/>\n<strong><em>(Giulia Parodi)<\/em><\/strong><\/p>\n","protected":false},"excerpt":{"rendered":"<p>A pochi giorni dal 1\u00b0 maggio Repubblica \u2013 Il Lavoro (24 aprile &#8217;08) sulle Acciaierie di Cornigliano: punto di vista dall\u2019interno, testimonianza anonima. \u201cL\u2019altro giorno alle tre e mezza del mattino un ragazzo stava guardando l\u2019ora sul cellulare, in quel momento \u00e8 passato Riva e l\u2019operaio si \u00e8 beccato un rapporto disciplinare. E attenzione che [&hellip;]<\/p>\n","protected":false},"author":1,"featured_media":0,"comment_status":"open","ping_status":"closed","sticky":false,"template":"","format":"standard","meta":{"footnotes":""},"categories":[192,8],"tags":[],"class_list":["post-1556","post","type-post","status-publish","format-standard","hentry","category-192","category-lavoro"],"_links":{"self":[{"href":"https:\/\/www.olinews.it\/mt\/index.php?rest_route=\/wp\/v2\/posts\/1556","targetHints":{"allow":["GET"]}}],"collection":[{"href":"https:\/\/www.olinews.it\/mt\/index.php?rest_route=\/wp\/v2\/posts"}],"about":[{"href":"https:\/\/www.olinews.it\/mt\/index.php?rest_route=\/wp\/v2\/types\/post"}],"author":[{"embeddable":true,"href":"https:\/\/www.olinews.it\/mt\/index.php?rest_route=\/wp\/v2\/users\/1"}],"replies":[{"embeddable":true,"href":"https:\/\/www.olinews.it\/mt\/index.php?rest_route=%2Fwp%2Fv2%2Fcomments&post=1556"}],"version-history":[{"count":0,"href":"https:\/\/www.olinews.it\/mt\/index.php?rest_route=\/wp\/v2\/posts\/1556\/revisions"}],"wp:attachment":[{"href":"https:\/\/www.olinews.it\/mt\/index.php?rest_route=%2Fwp%2Fv2%2Fmedia&parent=1556"}],"wp:term":[{"taxonomy":"category","embeddable":true,"href":"https:\/\/www.olinews.it\/mt\/index.php?rest_route=%2Fwp%2Fv2%2Fcategories&post=1556"},{"taxonomy":"post_tag","embeddable":true,"href":"https:\/\/www.olinews.it\/mt\/index.php?rest_route=%2Fwp%2Fv2%2Ftags&post=1556"}],"curies":[{"name":"wp","href":"https:\/\/api.w.org\/{rel}","templated":true}]}}