{"id":1557,"date":"2008-04-30T14:33:41","date_gmt":"2008-04-30T14:33:41","guid":{"rendered":"http:\/\/www.comevedonoidaltonici.com\/wordpress\/?p=1557"},"modified":"2008-04-30T14:33:41","modified_gmt":"2008-04-30T14:33:41","slug":"25-aprile-ai-laici-rimangono-soltanto-fischi","status":"publish","type":"post","link":"https:\/\/www.olinews.it\/mt\/?p=1557","title":{"rendered":"25 Aprile &#8211; Ai laici rimangono soltanto fischi?"},"content":{"rendered":"<p>Pomeriggio 25 aprile 2008: il cardinale Bagnasco attraversa, scortato, il lembo della piazza (transennata) che lo porta al Ducale per la cerimonia solenne dedicata alla Liberazione. Parte un fischio, poi un &#8220;buu&#8221; poi un altro. Si sa come vanno certe cose che basta cominciarle che subito prendono piede. Lui, il cardinale presidente della CEI (Conferenza episcopale) non fa una grinza: saluta con la mano e sorride. L&#8217;episodio riferito dai quotidiani locali \u00e8 stato ripreso da <em>Repubblica <\/em>del 27 aprile che ha riportato la testimonianza di una fischiante e di un &#8220;esperto&#8221;, nel caso un professore di sociologia. Questi ha detto che i modi e i tempi delle contestazioni sono raramente quelli giusti ma ci\u00f2 \u00e8 dovuto al fatto che la gente protesta nelle occasioni che ha. E che i modi di tutti saranno pi\u00f9 urbani quando le autorit\u00e0, Chiesa compresa, apriranno finalmente l&#8217;ufficio reclami.<\/p>\n<p><!--more--><br \/>\nPochi giorni prima lo stesso Bagnasco era andato in visita prima alla scuola elementare e poi alla media di Pieve Alta. Su <em>Repubblica <\/em>del 23 aprile 2008 la cronaca dell&#8217;avvenimento. Il cardinale che racconta in modo semplice e sorridente la sua vita di bambino, la famiglia povera, la vita nel Centro storico, le inquietudini della mamma, la vocazione &#8220;Ho visto una piccola luce da bambino e sono diventato sacerdote&#8221;. Alla fine se n&#8217;\u00e8 andato senza benedire ma solo facendo ciao ciao con la mano.<br \/>\nLa visita del cardinale ha prodotto anche qualche guasto: ci sono famiglie che non hanno gradito che il consiglio di Istituto fosse messo di fronte a una decisione presa altrove e non hanno fatto partecipare i figli. L&#8217;impressione, ha detto un genitore, \u00e8 che in Italia i rapporti tra stato e chiesa siano ormai ridotti ad una sorta di &#8220;fai da te&#8221; nell&#8217;ignoranza completa della Costituzione. Lo ha fatto notare in un comunicato (23 aprile 2008) anche Giancarlo Giovine, presidente della Federazione delle Chiese Evangeliche della Liguria e del Piemonte meridionale.<br \/>\nIl cardinal Bagnasco &#8211; ha scritto &#8211; svolge &#8220;in qualit\u00e0 di presidente della CEI un ruolo di apripista degli altri vescovi italiani nell&#8217;attacco alla laicit\u00e0 dello stato, con ritorno a prassi e a comportamenti tipici dell&#8217;episcopato italiano prima del Concilio Vaticano II. Se non stupisce la compiacenza strumentale che nei confronti di questa nuova linea hanno i politici in cerca di legittimazione, la stessa cosa non pu\u00f2 dirsi della sudditanza manifestata nel corso di queste visite da molti dirigenti scolastici, che hanno aperto gli spazi pubblici e educativi della scuola a visite di carattere essenzialmente religioso (pastorali appunto) in contrasto con la loro funzione di garanti della laicit\u00e0 dell&#8217;istituzione che dirigono&#8230;&#8221;.<br \/>\nAi laici \u00e8 rimasta solo la possibilit\u00e0 di fischiare?<br \/>\n<strong><em>(Manlio Calegari)<\/em><\/strong><\/p>\n","protected":false},"excerpt":{"rendered":"<p>Pomeriggio 25 aprile 2008: il cardinale Bagnasco attraversa, scortato, il lembo della piazza (transennata) che lo porta al Ducale per la cerimonia solenne dedicata alla Liberazione. Parte un fischio, poi un &#8220;buu&#8221; poi un altro. Si sa come vanno certe cose che basta cominciarle che subito prendono piede. Lui, il cardinale presidente della CEI (Conferenza [&hellip;]<\/p>\n","protected":false},"author":1,"featured_media":0,"comment_status":"open","ping_status":"closed","sticky":false,"template":"","format":"standard","meta":{"footnotes":""},"categories":[192,16,10],"tags":[],"class_list":["post-1557","post","type-post","status-publish","format-standard","hentry","category-192","category-cultura","category-politica"],"_links":{"self":[{"href":"https:\/\/www.olinews.it\/mt\/index.php?rest_route=\/wp\/v2\/posts\/1557","targetHints":{"allow":["GET"]}}],"collection":[{"href":"https:\/\/www.olinews.it\/mt\/index.php?rest_route=\/wp\/v2\/posts"}],"about":[{"href":"https:\/\/www.olinews.it\/mt\/index.php?rest_route=\/wp\/v2\/types\/post"}],"author":[{"embeddable":true,"href":"https:\/\/www.olinews.it\/mt\/index.php?rest_route=\/wp\/v2\/users\/1"}],"replies":[{"embeddable":true,"href":"https:\/\/www.olinews.it\/mt\/index.php?rest_route=%2Fwp%2Fv2%2Fcomments&post=1557"}],"version-history":[{"count":0,"href":"https:\/\/www.olinews.it\/mt\/index.php?rest_route=\/wp\/v2\/posts\/1557\/revisions"}],"wp:attachment":[{"href":"https:\/\/www.olinews.it\/mt\/index.php?rest_route=%2Fwp%2Fv2%2Fmedia&parent=1557"}],"wp:term":[{"taxonomy":"category","embeddable":true,"href":"https:\/\/www.olinews.it\/mt\/index.php?rest_route=%2Fwp%2Fv2%2Fcategories&post=1557"},{"taxonomy":"post_tag","embeddable":true,"href":"https:\/\/www.olinews.it\/mt\/index.php?rest_route=%2Fwp%2Fv2%2Ftags&post=1557"}],"curies":[{"name":"wp","href":"https:\/\/api.w.org\/{rel}","templated":true}]}}