{"id":1567,"date":"2008-05-14T10:49:20","date_gmt":"2008-05-14T10:49:20","guid":{"rendered":"http:\/\/www.comevedonoidaltonici.com\/wordpress\/?p=1567"},"modified":"2008-05-14T10:49:20","modified_gmt":"2008-05-14T10:49:20","slug":"rassegna-cinematografica-i-diritti-di-tutti","status":"publish","type":"post","link":"https:\/\/www.olinews.it\/mt\/?p=1567","title":{"rendered":"Rassegna cinematografica: I diritti di tutti"},"content":{"rendered":"<p>Quest\u2019anno non ricorrono soltanto i quarant\u2019anni della rivoluzione studentesca o della primavera di Praga. Sono infatti 60 tondi gli anni di vita della Costituzione della Repubblica italiana. L\u20191 gennaio 1948 diventava legge quel grande patto laico, tra cattolici, liberali, socialisti, nato dalle ceneri della guerra e garante da allora d\u2019un sufficiente grado di concordia e di benessere.<br \/>\nPochi mesi dopo, il 10 dicembre, l\u2019Assemblea generale delle Nazioni Unite adottava la Dichiarazione Universale dei Diritti dell\u2019Uomo, prima pietra di quel sistema di leggi internazionali che ha assicurato, almeno ai paesi dell\u2019Occidente, un periodo senza guerre che non ha precedenti nella storia dell\u2019umanit\u00e0.<br \/>\nL\u2019Associazione Nazionale Magistrati ed il Comitato per lo Stato di diritto dedicano perci\u00f2 a questi eventi la settima rassegna di film \u201cI diritti di tutti\u201d.<\/p>\n<p><!--more--><br \/>\nLa novit\u00e0 di quest\u2019anno \u00e8 data dall\u2019abbinamento della rassegna cinematografica con la mostra \u201cVignette dal mondo per i diritti umani\u201d, messa a disposizione dal Comitato per i Diritti e le Pari Opportunit\u00e0 della Presidenza del Consiglio dei Ministri da met\u00e0 ottobre a met\u00e0 novembre. Si tratta dell\u2019esposizione di sessanta vignette dei pi\u00f9 celebri autori internazionali (da Altan a Kroll, da Giannelli a Plantu, da Danzinger a Staino) che hanno voluto celebrare la Dichiarazione Universale, raccogliendo un\u2019idea dell\u2019ex segretario generale dell\u2019ONU, Kofi Annan.<br \/>\nSi tratta, per Genova, di un evento prestigioso, un altro tentativo di approfondire fatti anche drammatici e dolorosi, con la levit\u00e0, per\u00f2, di mezzi comunicativi che arrivino alla ragione toccando le corde del sentimento e dell\u2019emozione. Teatro della rassegna \u00e8 il cinema Olimpia, rinnovato e pronto ad ospitare, nella sua storica sede del palazzo della Borsa, appuntamenti importanti per la citt\u00e0. Il giorno fissato per le proiezioni \u00e8, come sempre, il gioved\u00ec.<br \/>\n<strong><br \/>\n15 maggio 2008<\/strong>, Libert\u00e0 di manifestazione del pensiero e esigenza di sicurezza, \u201cHair\u201d<br \/>\n<strong>22 maggio 2008<\/strong>, Maternit\u00e0, tutela della donna e del nascituro, \u201c4 mesi 3 settimane 2 giorni\u201d<br \/>\n<strong>29 maggio 2008,<\/strong> Lavoro sicuro per un\u2019esistenza dignitosa, \u201cPaul, Mike e gli altri\u201d<br \/>\n<strong>5 giugno 2008,<\/strong> Resistenza, antifascismo, Costituzione, \u201cIl processo di Savona\u201d<br \/>\n<strong>16 ottobre 2008<\/strong>, Genocidi, razzismo e tolleranza, \u201cMonsieur Batignole\u201d (*)<br \/>\n<strong>13 novembre 2008<\/strong>, Giustizia e pena, \u201cThe life of David Gale\u201d (*)<br \/>\nProgramma: 20.30 presentazione film, 20.45 inizio proiezione. Segue dibattito (Cinema Olimpia, Palazzo della Nuova Borsa, Via XX Settembre, Genova, tel. 010 &#8211; 58 14 15)<br \/>\nL\u2019ingresso \u00e8 gratuito.<br \/>\n<em>(*) Le proiezioni del 16 ottobre e del 13 novembre avverranno in contemporanea con la mostra \u201cVignette dal Mondo per i diritti umani\u201d, in programma dal 15 ottobre al 15 novembre 2008 per gentile concessione del Dipartimento per i Diritti e le Pari Opportunit\u00e0 della Presidenza del Consiglio dei Ministri.<br \/>\n<\/em><\/p>\n","protected":false},"excerpt":{"rendered":"<p>Quest\u2019anno non ricorrono soltanto i quarant\u2019anni della rivoluzione studentesca o della primavera di Praga. Sono infatti 60 tondi gli anni di vita della Costituzione della Repubblica italiana. L\u20191 gennaio 1948 diventava legge quel grande patto laico, tra cattolici, liberali, socialisti, nato dalle ceneri della guerra e garante da allora d\u2019un sufficiente grado di concordia e [&hellip;]<\/p>\n","protected":false},"author":1,"featured_media":0,"comment_status":"open","ping_status":"closed","sticky":false,"template":"","format":"standard","meta":{"footnotes":""},"categories":[194,16,11,17,106],"tags":[],"class_list":["post-1567","post","type-post","status-publish","format-standard","hentry","category-194","category-cultura","category-diritti-umani","category-giustizia","category-raccomandate"],"_links":{"self":[{"href":"https:\/\/www.olinews.it\/mt\/index.php?rest_route=\/wp\/v2\/posts\/1567","targetHints":{"allow":["GET"]}}],"collection":[{"href":"https:\/\/www.olinews.it\/mt\/index.php?rest_route=\/wp\/v2\/posts"}],"about":[{"href":"https:\/\/www.olinews.it\/mt\/index.php?rest_route=\/wp\/v2\/types\/post"}],"author":[{"embeddable":true,"href":"https:\/\/www.olinews.it\/mt\/index.php?rest_route=\/wp\/v2\/users\/1"}],"replies":[{"embeddable":true,"href":"https:\/\/www.olinews.it\/mt\/index.php?rest_route=%2Fwp%2Fv2%2Fcomments&post=1567"}],"version-history":[{"count":0,"href":"https:\/\/www.olinews.it\/mt\/index.php?rest_route=\/wp\/v2\/posts\/1567\/revisions"}],"wp:attachment":[{"href":"https:\/\/www.olinews.it\/mt\/index.php?rest_route=%2Fwp%2Fv2%2Fmedia&parent=1567"}],"wp:term":[{"taxonomy":"category","embeddable":true,"href":"https:\/\/www.olinews.it\/mt\/index.php?rest_route=%2Fwp%2Fv2%2Fcategories&post=1567"},{"taxonomy":"post_tag","embeddable":true,"href":"https:\/\/www.olinews.it\/mt\/index.php?rest_route=%2Fwp%2Fv2%2Ftags&post=1567"}],"curies":[{"name":"wp","href":"https:\/\/api.w.org\/{rel}","templated":true}]}}