{"id":1574,"date":"2008-05-14T11:09:29","date_gmt":"2008-05-14T11:09:29","guid":{"rendered":"http:\/\/www.comevedonoidaltonici.com\/wordpress\/?p=1574"},"modified":"2008-05-14T11:09:29","modified_gmt":"2008-05-14T11:09:29","slug":"conferenza-strategica1-alla-ricerca-della-ricerca-scientifica","status":"publish","type":"post","link":"https:\/\/www.olinews.it\/mt\/?p=1574","title":{"rendered":"Conferenza strategica\/1 &#8211; Alla ricerca della ricerca scientifica"},"content":{"rendered":"<p>Alla Conferenza strategica Genova 2015 dedicata al rapporto tra industria e ricerca scientifica a Genova organizzata dal Comune il 7 maggio 2008, \u00e8 presente l\u2019industria (cantieristica, aero navale, meccanica, informatica, elettronica, energia, biomedicale), ma non l\u2019Universit\u00e0. E\u2019 invece presente il Politecnico &#8211; che appare sempre pi\u00f9 concretamente come la seconda universit\u00e0 di Genova &#8211; nella persona di Gianni Vernazza, preside dell\u2019attuale Facolt\u00e0 di Ingegneria. Il Politecnico \u00e8 il vero protagonista della giornata. Gran parte delle relazioni vi fanno riferimento. L\u2019intervento breve e puntuale del prof. Vernazza presenta le ragioni della proposta, i problemi da affrontare, i passi che finora si sono fatti. Fra i diversi spunti segnala la necessit\u00e0 di rispondere alla forte domanda di pi\u00f9 ingegneri e quella di migliorare ancora la loro preparazione. Auspica una forte collaborazione con i politecnici di Milano e di Torino, ma non nasconde la possibilit\u00e0 di conflitti di sovrapposizione di competenze. Quindi ne deriverebbe una certa ma non esclusiva specializzazione (energia, nucleare, nautica) e una stretta collaborazione con altre facolt\u00e0 e dipartimenti dell\u2019Ateneo (Economia, Lettere e Filosofia, logistica, multimedialit\u00e0). La progettazione del futuro Politecnico \u00e8 affidata a otto gruppi di lavoro; preoccupazione fondamentale \u00e8 assicurare una efficace e trasparente <em>governance<\/em>.<\/p>\n<p><!--more--><br \/>\nOra \u00e8 ampiamente noto che l\u2019Universit\u00e0 di Genova \u00e8 attraversata da gravi problemi di varia natura. Ci si pu\u00f2 nascondere dietro un dito, ma \u00e8 indubbio che il distacco di Ingegneria, di una tra le pi\u00f9 rilevanti componenti dell\u2019Ateneo, rappresenter\u00e0 per quel che resta dell\u2019Universit\u00e0 un vero e proprio impoverimento in termini non solo materiali (strutture, personale, bilancio), ma anche di conoscenze, di rapporti e di esperienze, anche gestionali, maturate in questi anni. La Conferenza strategica gi\u00e0 lo dimostra lasciando fuori molti settori importanti dell\u2019attuale Universit\u00e0 (salute, chimica, nanoscienze, nuovi materiali, ambiente, scienze socioeconomiche per citare solo alcuni) che, peraltro, sono previsti, e con cospicui finanziamenti, nel settimo programma quadro di ricerca e sviluppo tecnologico dell&#8217;Unione Europea, 2007-2013 (<a href=\"http:\/\/cordis.europa.eu\/fp7\/cooperation\/home_en.html\">http:\/\/cordis.europa.eu\/fp7\/cooperation\/home_en.html<\/a>).<br \/>\nIl Comune di Genova sembra aver scelto un percorso diverso da quello segnalato dall\u2019Unione europea. \u201cNon si pu\u00f2 da una parte volere una Universit\u00e0 pi\u00f9 radicata e dall&#8217;altra non invitarla neanche alle conferenze strategiche, a meno che tali conferenze non siano gi\u00e0 indirizzate ai risultati precostituiti\u201d commenta amaramente Rinaldo Marazza (professore di Chimica Generale ed Inorganica) in un email inoltrato il 5 maggio sulla posta interna dell\u2019Ateneo.<br \/>\n<strong><em>(Oscar Itzcovich<\/em><\/strong>)<\/p>\n","protected":false},"excerpt":{"rendered":"<p>Alla Conferenza strategica Genova 2015 dedicata al rapporto tra industria e ricerca scientifica a Genova organizzata dal Comune il 7 maggio 2008, \u00e8 presente l\u2019industria (cantieristica, aero navale, meccanica, informatica, elettronica, energia, biomedicale), ma non l\u2019Universit\u00e0. E\u2019 invece presente il Politecnico &#8211; che appare sempre pi\u00f9 concretamente come la seconda universit\u00e0 di Genova &#8211; nella [&hellip;]<\/p>\n","protected":false},"author":1,"featured_media":0,"comment_status":"open","ping_status":"closed","sticky":false,"template":"","format":"standard","meta":{"footnotes":""},"categories":[194,20,10,23],"tags":[],"class_list":["post-1574","post","type-post","status-publish","format-standard","hentry","category-194","category-citta","category-politica","category-scuola-e-universita"],"_links":{"self":[{"href":"https:\/\/www.olinews.it\/mt\/index.php?rest_route=\/wp\/v2\/posts\/1574","targetHints":{"allow":["GET"]}}],"collection":[{"href":"https:\/\/www.olinews.it\/mt\/index.php?rest_route=\/wp\/v2\/posts"}],"about":[{"href":"https:\/\/www.olinews.it\/mt\/index.php?rest_route=\/wp\/v2\/types\/post"}],"author":[{"embeddable":true,"href":"https:\/\/www.olinews.it\/mt\/index.php?rest_route=\/wp\/v2\/users\/1"}],"replies":[{"embeddable":true,"href":"https:\/\/www.olinews.it\/mt\/index.php?rest_route=%2Fwp%2Fv2%2Fcomments&post=1574"}],"version-history":[{"count":0,"href":"https:\/\/www.olinews.it\/mt\/index.php?rest_route=\/wp\/v2\/posts\/1574\/revisions"}],"wp:attachment":[{"href":"https:\/\/www.olinews.it\/mt\/index.php?rest_route=%2Fwp%2Fv2%2Fmedia&parent=1574"}],"wp:term":[{"taxonomy":"category","embeddable":true,"href":"https:\/\/www.olinews.it\/mt\/index.php?rest_route=%2Fwp%2Fv2%2Fcategories&post=1574"},{"taxonomy":"post_tag","embeddable":true,"href":"https:\/\/www.olinews.it\/mt\/index.php?rest_route=%2Fwp%2Fv2%2Ftags&post=1574"}],"curies":[{"name":"wp","href":"https:\/\/api.w.org\/{rel}","templated":true}]}}