{"id":1691,"date":"2008-10-22T12:50:38","date_gmt":"2008-10-22T12:50:38","guid":{"rendered":"http:\/\/www.comevedonoidaltonici.com\/wordpress\/?p=1691"},"modified":"2008-10-22T12:50:38","modified_gmt":"2008-10-22T12:50:38","slug":"universita-il-tempo-di-un-progetto","status":"publish","type":"post","link":"https:\/\/www.olinews.it\/mt\/?p=1691","title":{"rendered":"Universit\u00e0 &#8211; Il tempo di un progetto"},"content":{"rendered":"<p><strong>Genova, Italia: 40 anni <\/strong><br \/>\nLa Facolt\u00e0 di Ingegneria cerca una sistemazione definitiva. Da decenni \u00e8 intollerabilmente sparsa tra varie sedi. Quella della Fiera del mare da 40 anni \u00e8 una sede provvisoria.<br \/>\nNel 2005, l\u2019annuncio, \u201cIngegneria si riunifica e sale agli Erzelli con una dote di 120 milioni (<em>Secolo XIX<\/em>, 13 novembre). Centoventi milioni a carico dello Stato, della Regione e dell\u2019Universit\u00e0 che subito diventano 140. L\u2019operazione di spostare un\u2019intera facolt\u00e0 divise in varie sedi a Ponente appare complessa. Nel 2008 si complica ulteriormente con la richiesta da parte di aziende private, Confindustria, Regione, Comune, di trasformare contestualmente Ingegneria in Politecnico. In pratica, una seconda universit\u00e0 per la Liguria.<\/p>\n<p><!--more--><br \/>\nI cittadini, molti nello stesso mondo accademico, non capiscono l\u2019essenza del progetto. Ingegneria predispone una \u201cbozza preliminare\u201d che sarebbe solo \u201cuna bozza di fattibilit\u00e0\u201d (<em>Secolo XIX<\/em>, 3 febbraio 2008). Ad aprile, nomina otto commissioni \u201cche dovranno raccogliere tutti gli elementi per elaborare il piano di fattibilit\u00e0 del Politecnico\u201d (<em>Secolo XIX<\/em>, 10 aprile). Si parla di portare gli attuali 4500-5000 studenti di Ingegneria ad almeno 8000, ma, paradossalmente, gli spazi riservati a Ingegneria sugli Erzelli si restringono perch\u00e9, nel frattempo, i costi sono lievitati a pi\u00f9 di 200 milioni (<em>Repubblica<\/em>, 3 maggio 2008). Sembra che Euromilano, l\u2019impresa costruttrice, ritenga necessario aumentare gli spazi riservati a Ingegneria da 81.000 a 94.000 mq, una decisione a cui la facolt\u00e0 si dichiara tuttavia estranea (ma chi, allora li aveva richiesti?). Una nuova bozza, restringe gli spazi riservati a Ingegneria a 65.000 mq (<em>Repubblica<\/em>, 7 ottobre). C he sia facolt\u00e0 o che sia politecnico, non sembrano previste, contrattualmente, solide opzioni su future aree di espansione. La preside in pectore, Paola Girdinio, sdrammatizza: \u201cOggi, abbiamo 45.000 mq. Passare a 65.000 \u00e8 un salto avanti\u201d (<em>Repubblica <\/em>2 ottobre). Rimangono tuttavia \u201caspetti problematici\u201d, commenta il preside uscente Gianni Vernazza, tra questi \u201cun posto principale ha quello legato alla logistica, con tutti i problemi di viabilit\u00e0 e di parcheggio\u201d(<em>Repubblica<\/em>, 7 ottobre).<br \/>\nSono problemi gravissimi: parlare di \u201caspetti problematici\u201d \u00e8 solo un eufemismo. Il 25% di Erzelli (ma pu\u00f2 salire fino al 35%) sar\u00e0 destinato a residenze, il resto ad aziende e alla ricerca. \u201cMille abitazioni a regime, quattromila persone stabili a viverci dentro, pi\u00f9 altre dodicimila a lavorarci. Quindici-sedicimila in tutto. Un paese\u201d, scrive M. Minella, su Repubblica (3 ottobre 2008). Regione, Comune e Ferrovie annunciano di avere appena firmato un protocollo d\u2019intesa per valutare la fattibilit\u00e0 di nuove fermate metropolitane, tra le quali, Erzelli (<em>City<\/em>, 16 ottobre). I tempi previsti per questo studio non sono stati resi noti. Ma bisogna essere ottimisti.<br \/>\n<strong><br \/>\nFrancia: 2 anni <\/strong><\/p>\n<div style=\"text-align:left;background-color:#FFE4C4;color:black;\nfont-size:12px;\tborder:1px solid white;padding:15px;\"><\/p>\n<p><B><I>Lettera da Parigi<\/I><br \/>\n<br \/>R\u00e9volution all\u2019universit\u00e0<\/B><\/p>\n<p><I>In Francia \u00e8 in atto una grandiosa mobilitazione di risorse finanziarie e umane per rilanciare dieci atenei di eccellenza. Un esempio da seguire.<\/I><BR><br \/>\n<br \/>\u00c8 giunto a compimento in questi mesi in Francia un processo di rinnovamento delle Universit\u00e0 che vede, da parte dello Stato, un investimento di 10 miliardi di euro in 5 anni al fine di adeguare 10 campus universitari (1 miliardo per ogni campus) alle sfide scientifiche del XXI secolo. Il progetto fu lanciato da Dominique de Villepin nel febbraio 2007 e, nonostante il cambio di Presidenza e il pessimo rapporto tra Villepin e il nuovo Presidente, lo Stato ha mostrato una efficace continuit\u00e0, s\u00ec che l&#8217;11 luglio 2008, il Ministro alle Universit\u00e0 e alla Ricerca del nuovo governo, Val\u00e9rie P\u00e9cresse, ha potuto annunciare i dieci siti selezionati da un comitato internazionale di 8 personalit\u00e0 (in cui siedono un prefetto emerito, un fisico, un astrofisico, un economista, un rettore di universit\u00e0 americana, un rettore di universit\u00e0 canadese, il rettore emerito del Coll\u00e8ge de France, il Direttore generale di Accor). In soli due anni il processo: le sedi si sono candidate con una impressionante mobilitazione di docenti, urbanisti, autorit\u00e0 regionali, municipali, prefetture; il Comitato ha vagliato la qualit\u00e0 dei progetti e l&#8217;integrazione con la ricerca di eccellenza esistente, da un lato, e dall&#8217;altro con parametri di sviluppo fissati con rigore: riqualificazione del patrimonio universitario e urbanistico, sviluppo della ricerca e della Regione, integrazione urbana della vita universitaria (alloggi per studenti, trasporti rapidi, attivit\u00e0 culturale e sportiva). Le sedi scelte sono: Aix-Marseille, Strasburgo, Lyon, Bordeaux, Grenoble, Montpellier, Toulouse, Saclay, Paris-Aubervilliers, Paris intramuros. Come si vede, non c&#8217;\u00e8 stata affatto &#8220;spalmatura&#8221; geopolitica : il sud-ovest ha visto premiare, per la qualit\u00e0 del progetto, tre campus (Montpellier, Toulouse, Bordeaux) il nord-ovest nessuno. Parigi ne esce smagrita e con un campus innovativo collocato \u2013 con un ardito progetto urbanistico e di ricerca \u2013 in una delle banlieues pi\u00f9 povere e pi\u00f9 vive di sperimentazione sociale: Aubervilliers. Piccola chiosa: la Commissione interagisce con Ministero, Regioni, Comuni interessati da ogni singolo campus, Atenei in questione, comunit\u00e0 locali: organismi decisionali sufficienti da noi per richiedere due anni per la sola prima convocazione plenaria\u2026.<BR><BR><br \/>\n<B><I>Clicca <a href=\"http:\/\/www.olinews.it\/mt\/ossola.html\">qui<\/a> per leggere l\u2019intero articolo di Carlo Ossola pubblicato sul supplemento \u201cDomenica\u201d del &#8220;Sole 24 Ore&#8221;, 19 ottobre 2008.<\/I><\/B><br \/>\n\n<\/p>\n<\/p><\/div>\n<p><\/p>\n","protected":false},"excerpt":{"rendered":"<p>Genova, Italia: 40 anni La Facolt\u00e0 di Ingegneria cerca una sistemazione definitiva. Da decenni \u00e8 intollerabilmente sparsa tra varie sedi. Quella della Fiera del mare da 40 anni \u00e8 una sede provvisoria. Nel 2005, l\u2019annuncio, \u201cIngegneria si riunifica e sale agli Erzelli con una dote di 120 milioni (Secolo XIX, 13 novembre). Centoventi milioni a [&hellip;]<\/p>\n","protected":false},"author":1,"featured_media":0,"comment_status":"open","ping_status":"closed","sticky":false,"template":"","format":"standard","meta":{"footnotes":""},"categories":[207,23],"tags":[],"class_list":["post-1691","post","type-post","status-publish","format-standard","hentry","category-207","category-scuola-e-universita"],"_links":{"self":[{"href":"https:\/\/www.olinews.it\/mt\/index.php?rest_route=\/wp\/v2\/posts\/1691","targetHints":{"allow":["GET"]}}],"collection":[{"href":"https:\/\/www.olinews.it\/mt\/index.php?rest_route=\/wp\/v2\/posts"}],"about":[{"href":"https:\/\/www.olinews.it\/mt\/index.php?rest_route=\/wp\/v2\/types\/post"}],"author":[{"embeddable":true,"href":"https:\/\/www.olinews.it\/mt\/index.php?rest_route=\/wp\/v2\/users\/1"}],"replies":[{"embeddable":true,"href":"https:\/\/www.olinews.it\/mt\/index.php?rest_route=%2Fwp%2Fv2%2Fcomments&post=1691"}],"version-history":[{"count":0,"href":"https:\/\/www.olinews.it\/mt\/index.php?rest_route=\/wp\/v2\/posts\/1691\/revisions"}],"wp:attachment":[{"href":"https:\/\/www.olinews.it\/mt\/index.php?rest_route=%2Fwp%2Fv2%2Fmedia&parent=1691"}],"wp:term":[{"taxonomy":"category","embeddable":true,"href":"https:\/\/www.olinews.it\/mt\/index.php?rest_route=%2Fwp%2Fv2%2Fcategories&post=1691"},{"taxonomy":"post_tag","embeddable":true,"href":"https:\/\/www.olinews.it\/mt\/index.php?rest_route=%2Fwp%2Fv2%2Ftags&post=1691"}],"curies":[{"name":"wp","href":"https:\/\/api.w.org\/{rel}","templated":true}]}}