{"id":1699,"date":"2008-10-29T17:18:51","date_gmt":"2008-10-29T17:18:51","guid":{"rendered":"http:\/\/www.comevedonoidaltonici.com\/wordpress\/?p=1699"},"modified":"2008-10-29T17:18:51","modified_gmt":"2008-10-29T17:18:51","slug":"informazione-l%e2%80%99immigrazione-e-%e2%80%9cla-repubblica%e2%80%9d","status":"publish","type":"post","link":"https:\/\/www.olinews.it\/mt\/?p=1699","title":{"rendered":"Informazione &#8211; L\u2019immigrazione e \u201cla Repubblica\u201d"},"content":{"rendered":"<p>L\u2019assemblea sull\u2019immigrazione organizzata gioved\u00ec scorso, presso l&#8217;aula magna del Polo Didattico dell&#8217;Universit\u00e0 di Genova, era presieduta dal giornalista di <em>Repubblica <\/em>Massimo Calandri. Un intervento ha voluto ricordare il ruolo negativo dei giornali, oltre che della politica, negli ultimi gravi sviluppi a livello sociale (aumento degli episodi di aggressione contro immigrati ed italiani neri) e legislativo (decreto sicurezza).<br \/>\nCalandri ha risposto alle critiche dicendo \u00e8 sbagliato generalizzare, non tutti i giornali criminalizzano gli immigrati, ci sono giornali che non lo fanno, ad esempio, <em>Repubblica<\/em>. La generalizzazione \u00e8 certamente una componente fondamentale del razzismo. Quando un rom compie uno stupro non si pu\u00f2 generalizzare dicendo che tutti i rom sono stupratori e allo stesso modo quando un vigile picchia un giovane immigrato a Parma non si pu\u00f2 dire che tutti i vigili di Parma sono razzisti. Ha ragione, dunque, Calandri quando dice che non si pu\u00f2 generalizzare e dire che tutti i giornali criminalizzano gli immigrati. Ma la <em>Repubblica <\/em>\u00e8 uno di questi?<\/p>\n<p><!--more--><br \/>\nSicuramente c\u2019\u00e8 una certa schizofrenia, da una parte la <em>Repubblica <\/em>fa uscire un inserto settimanale, <em>Metropoli<\/em>, che tratta la questione immigrazione in maniera molto positiva, dall\u2019altra il giornale quotidianamente ha una linea completamente diversa, almeno dal 7 maggio 2007, quando ha pubblicato la famosa lettera: \u201cAiuto. Sono di sinistra ma sto diventando razzista\u201d che aveva suscitato la condanna di moltissimi esponenti dell\u2019antirazzismo del nostro paese, tra i quali Asgi ed Arci, che in un manifesto \u2013 appello, del 16 maggio 2007, l\u2019hanno cos\u00ec descritta: \u201cE&#8217; un&#8217;operazione politica e culturale che conosciamo bene. Da tempo le destre, per calcolo o vocazione, cavalcano in modo demagogico il tema della sicurezza sovrapponendolo a quello delle politiche migratorie. (..) Si tratta, in realt\u00e0, dell&#8217;avvio di una campagna (..) il cui fine sembra essere il sostegno alla cultura sicuritaria.\u201d<br \/>\nLa lettera, infatti, era un concentrato di accuse contro nomadi ed immigrati e di paura dello straniero. Parlava di \u201cstupri che avvengono, troppo frequentemente, in varie citt\u00e0 italiane\u201d. \u201cNon voglio lasciare pi\u00f9 il monopolio della legalit\u00e0 alla destra e quindi non capisco, perch\u00e9 dare il voto locale agli immigrati, dopo 5 anni di permanenza nel nostro Paese\u201d, aggiungeva ancora il suo autore-lettore, che concludeva \u201csto diventando un grandissimo razzista&#8230; centinaia di persone come me&#8230; sono stremate e ridotte, ormai, alla schizofrenia\u201d.<br \/>\nRepubblica pubblicava la lettera in prima pagina con un commento di Corrado Augias che rassicurava il suo autore: \u201cNon \u00e8 di destra sostenere che l&#8217;immigrazione deve essere controllata&#8221;, aggiungendo che non era possibile lasciare alla destra questi argomenti e ricordando come Sarkozy aveva conquistato l&#8217;Eliseo per aver \u201caffrontato prima da ministro dell&#8217;Interno, poi durante la campagna elettorale il tema dell&#8217;immigrazione (..) con durezza &#8230;\u201d.<br \/>\nVista la sconfitta elettorale del centro sinistra nelle elezioni politiche e nella capitale si dovrebbe concludere che l\u2019iniziativa di Repubblica abbia ottenuto risultati opposti da quelli auspicati dalla sua redazione pubblicando la lettera.<br \/>\n<strong><em>(Saleh Zaghloul) <\/em><\/strong><\/p>\n","protected":false},"excerpt":{"rendered":"<p>L\u2019assemblea sull\u2019immigrazione organizzata gioved\u00ec scorso, presso l&#8217;aula magna del Polo Didattico dell&#8217;Universit\u00e0 di Genova, era presieduta dal giornalista di Repubblica Massimo Calandri. Un intervento ha voluto ricordare il ruolo negativo dei giornali, oltre che della politica, negli ultimi gravi sviluppi a livello sociale (aumento degli episodi di aggressione contro immigrati ed italiani neri) e legislativo [&hellip;]<\/p>\n","protected":false},"author":1,"featured_media":0,"comment_status":"open","ping_status":"closed","sticky":false,"template":"","format":"standard","meta":{"footnotes":""},"categories":[208,7,13],"tags":[],"class_list":["post-1699","post","type-post","status-publish","format-standard","hentry","category-208","category-immigrazione","category-informazione"],"_links":{"self":[{"href":"https:\/\/www.olinews.it\/mt\/index.php?rest_route=\/wp\/v2\/posts\/1699","targetHints":{"allow":["GET"]}}],"collection":[{"href":"https:\/\/www.olinews.it\/mt\/index.php?rest_route=\/wp\/v2\/posts"}],"about":[{"href":"https:\/\/www.olinews.it\/mt\/index.php?rest_route=\/wp\/v2\/types\/post"}],"author":[{"embeddable":true,"href":"https:\/\/www.olinews.it\/mt\/index.php?rest_route=\/wp\/v2\/users\/1"}],"replies":[{"embeddable":true,"href":"https:\/\/www.olinews.it\/mt\/index.php?rest_route=%2Fwp%2Fv2%2Fcomments&post=1699"}],"version-history":[{"count":0,"href":"https:\/\/www.olinews.it\/mt\/index.php?rest_route=\/wp\/v2\/posts\/1699\/revisions"}],"wp:attachment":[{"href":"https:\/\/www.olinews.it\/mt\/index.php?rest_route=%2Fwp%2Fv2%2Fmedia&parent=1699"}],"wp:term":[{"taxonomy":"category","embeddable":true,"href":"https:\/\/www.olinews.it\/mt\/index.php?rest_route=%2Fwp%2Fv2%2Fcategories&post=1699"},{"taxonomy":"post_tag","embeddable":true,"href":"https:\/\/www.olinews.it\/mt\/index.php?rest_route=%2Fwp%2Fv2%2Ftags&post=1699"}],"curies":[{"name":"wp","href":"https:\/\/api.w.org\/{rel}","templated":true}]}}