{"id":1700,"date":"2008-10-29T17:26:21","date_gmt":"2008-10-29T17:26:21","guid":{"rendered":"http:\/\/www.comevedonoidaltonici.com\/wordpress\/?p=1700"},"modified":"2008-10-29T17:26:21","modified_gmt":"2008-10-29T17:26:21","slug":"moschea-la-costituzione-va-rispettata","status":"publish","type":"post","link":"https:\/\/www.olinews.it\/mt\/?p=1700","title":{"rendered":"Moschea &#8211; La Costituzione va rispettata"},"content":{"rendered":"<p>Bene ha fatto il Sindaco di Genova ad assicurare alla Comunit\u00e0 musulmana la destinazione di un luogo dove costruire la moschea, visto il flop di quella che si doveva erigere a Cornigliano su un edificio comprato dalla comunit\u00e0 islamica e una volta accertata la trasparenza dei mezzi per innalzarla. Garantito infine che la sua costruzione non gravi sulle tasche dei genovesi, sensibili a questi eventi. Ma troppi \u201cse\u201d e troppi \u201cma\u201d si sono sentiti di fronte a un diritto su cui non si dovrebbe neanche discutere.<\/p>\n<p><!--more--><br \/>\nPerch\u00e9, ad esempio, una moschea senza minareto? Come costruire una chiesa cattolica senza il campanile. Al diritto di culto non pu\u00f2 associarsi anche quello ai propri simboli? Se si teme che il muezzin dall\u2019alto del minareto possa turbare i sonni dei genovesi, baster\u00e0 chiedergli di mettere il silenziatore alle sue grida, come si \u00e8 fatto ripetutamente nei confronti delle campane, quando davano fastidio nottetempo a qualcuno un po\u2019 debole di nervi. S ull\u2019ipotesi dell\u2019uso provvisorio della Commenda per la preghiera del venerd\u00ec, un\u2019altra catena di riserve e di proposte per lo meno strane. Concessa non ai seguaci di Maometto, ma alle tre fedi monoteistiche perch\u00e9 possano confrontarsi, fraternizzare e pregare. Sar\u00e0 vero che preghiamo tutti lo stesso Dio, ma lo facciamo in modi cos\u00ec diversi che mi sembra utopia riuscire a far convivere culture tanto specifiche nel momento della preghiera. I cattolici di chiese ne hanno fin che ne vogliono; devono solo tornare a riempirle. Gli ebrei non si radunano per i riti del Sabato nella storica Sinagoga di via Assarotti? I confronti ecumenici, poi, nascono solo se qualcuno li promuove e li costruisce con pazienza e intelligenza, come fa la Sant\u2019Egidio, non come i funghi, tanto per dribblare i distinguo e i divieti incrociati. Se il Sindaco e il Consiglio Comunale ritengono che, in attesa della moschea, i seguaci di Maometto possano trovarsi a pregare il venerd\u00ec negli spazi della Commenda fino ra non utilizzati, non in quelli della restaurata antica chiesa di San Giovanni, non vedo quali ostacoli possano esserci. Non si sono radunati per la fine del Ramadan nella Loggia di Banchi, senza nessun problema per la citt\u00e0?<br \/>\nSui tre moscardini in cerca di consenso elettorale che hanno lanciato la proposta referendaria, come se ci\u00f2 che sancisce la Costituzione fosse materia opinabile, meglio tacer che dire. Francamente se fossi il Sindaco di Genova risponderei cos\u00ec: \u201cBene, una parte di Genovesi vi ringrazier\u00e0 per aver sollevato il problema e vi premier\u00e0 alle elezioni, se \u00e8 questo che cercate, ma io vado diritto per la strada che ritengo giusta, col solo conforto del Consiglio e dei nostri elettori genovesi. So infatti che se aspetto ancora, il governo Berlusconi metter\u00e0 di mezzo altri paletti, perch\u00e9 so dove l\u2019odio e la paura del diverso, cos\u00ec ben coltivati dai leghisti e da quelli come loro, possono portare, ma la Costituzione va rispettata e tanto basta. Del resto pro-moschea si \u00e8 persino espresso un berlusconiano doc come Gagliardi, che \u00e8 tutto dire.<br \/>\n<strong><em>(Giovanni Meriana) <\/em><\/strong><\/p>\n","protected":false},"excerpt":{"rendered":"<p>Bene ha fatto il Sindaco di Genova ad assicurare alla Comunit\u00e0 musulmana la destinazione di un luogo dove costruire la moschea, visto il flop di quella che si doveva erigere a Cornigliano su un edificio comprato dalla comunit\u00e0 islamica e una volta accertata la trasparenza dei mezzi per innalzarla. Garantito infine che la sua costruzione [&hellip;]<\/p>\n","protected":false},"author":1,"featured_media":0,"comment_status":"open","ping_status":"closed","sticky":false,"template":"","format":"standard","meta":{"footnotes":""},"categories":[208,7,10],"tags":[],"class_list":["post-1700","post","type-post","status-publish","format-standard","hentry","category-208","category-immigrazione","category-politica"],"_links":{"self":[{"href":"https:\/\/www.olinews.it\/mt\/index.php?rest_route=\/wp\/v2\/posts\/1700","targetHints":{"allow":["GET"]}}],"collection":[{"href":"https:\/\/www.olinews.it\/mt\/index.php?rest_route=\/wp\/v2\/posts"}],"about":[{"href":"https:\/\/www.olinews.it\/mt\/index.php?rest_route=\/wp\/v2\/types\/post"}],"author":[{"embeddable":true,"href":"https:\/\/www.olinews.it\/mt\/index.php?rest_route=\/wp\/v2\/users\/1"}],"replies":[{"embeddable":true,"href":"https:\/\/www.olinews.it\/mt\/index.php?rest_route=%2Fwp%2Fv2%2Fcomments&post=1700"}],"version-history":[{"count":0,"href":"https:\/\/www.olinews.it\/mt\/index.php?rest_route=\/wp\/v2\/posts\/1700\/revisions"}],"wp:attachment":[{"href":"https:\/\/www.olinews.it\/mt\/index.php?rest_route=%2Fwp%2Fv2%2Fmedia&parent=1700"}],"wp:term":[{"taxonomy":"category","embeddable":true,"href":"https:\/\/www.olinews.it\/mt\/index.php?rest_route=%2Fwp%2Fv2%2Fcategories&post=1700"},{"taxonomy":"post_tag","embeddable":true,"href":"https:\/\/www.olinews.it\/mt\/index.php?rest_route=%2Fwp%2Fv2%2Ftags&post=1700"}],"curies":[{"name":"wp","href":"https:\/\/api.w.org\/{rel}","templated":true}]}}