{"id":1708,"date":"2008-11-05T09:05:45","date_gmt":"2008-11-05T09:05:45","guid":{"rendered":"http:\/\/www.comevedonoidaltonici.com\/wordpress\/?p=1708"},"modified":"2008-11-05T09:05:45","modified_gmt":"2008-11-05T09:05:45","slug":"universita-la-nuova-stagione-dell%e2%80%99albergo-dei-poveri","status":"publish","type":"post","link":"https:\/\/www.olinews.it\/mt\/?p=1708","title":{"rendered":"Universit\u00e0 &#8211; La nuova stagione dell\u2019Albergo dei poveri"},"content":{"rendered":"<p>\u201cNon \u00e8 una maledizione, \u00e8 solo un&#8217; operazione che va fatta per bene&#8230; Finora per l&#8217; Universit\u00e0 \u00e8 stato un fardello operosissimo. E\u2019 assurdo che per problemi di inagibilit\u00e0 e sicurezza debbano essere rifatti i lavori nella parte gi\u00e0 restaurata\u201d. Cos\u00ec diceva a <em>Repubblica<\/em>, l&#8217;8 agosto 2008, il rettore appena eletto Giacomo Deferrari a proposito del recupero dell\u2019Albergo dei Poveri. E due mesi dopo (<em>Repubblica <\/em>27 ottobre) aggiungeva: \u201cL\u2019Albergo dei Poveri? Non \u00e8 un peso per l\u2019Universit\u00e0, ma una formidabile risorsa\u201d.<\/p>\n<p><!--more--><br \/>\nD&#8217;accordo con lui anche un tecnico autorevole come l\u2019architetto Stefano Fera che, su <em>Repubblica <\/em>del 28 ottobre, ha scritto: l&#8217;Albergo dei Poveri sembra fatto apposta per diventare un &#8220;meraviglioso&#8221; campus universitario. &#8220;Il completamento del recupero dell&#8217; Albergo dei Poveri pu\u00f2 produrre una preziosa ricucitura tra la citt\u00e0 antica e la citt\u00e0 ottocentesca. Esistono, infatti, una serie di percorsi sotterranei che potrebbero essere reimpiegati per collegare la zona del Carmine a Circonvallazione a Monte. Si potrebbe cio\u00e8 pensare a sistemi di risalita misti, simili a quello dell&#8217; ascensore di Montegalletto, capaci di facilitare lo spostamento di studenti e residenti tra la parte alta e la parte bassa della citt\u00e0\u201d.<br \/>\nSembra una occasione unica, ma anche una storia che ricomincia e che richiederebbe qualche chiarimento prima di tutto da parte del rettorato. Una storia solo in parte nota che comincia nel 1991 con l\u2019acquisto del diritto di superficie per 50 anni sui 44.000 mq dell\u2019edificio e continua con un costoso e travagliato recupero (solo in corso di opera, i tecnici si sono resi conti che i tetti erano tutti da rifare), aule appena ristrutturate inagibili e lezioni per Giurisprudenza e Scienze Politiche \u201cal cinema per un anno\u201d (<em>Repubblica<\/em>, 8 agosto 2008).<br \/>\nUno scandalo che ha avuto uno sviluppo singolare nel luglio del 2007, quando il Senato accademico dell\u2019Universit\u00e0 ha accusato la propria amministrazione di essere &#8220;debole e inefficace&#8221;, rilevando inoltre, a proposito della gestione del recupero dell\u2019Albergo dei Poveri, l&#8217;esistenza di \u201cincarichi professionali senza copertura finanziaria, appalti di lavori affidati senza conoscere le condizioni strutturali, mancate verifiche dei costi, rischi di degrado dell&#8217; immobile\u201d (<em>Repubblica<\/em>, 17 luglio 2007).<br \/>\nOra il nuovo rettore dice che \u201c\u00e8 solo un&#8217; operazione che va fatta per bene, fino in fondo\u201d. Certo! Sar\u00e0 necessario affrontare le gravi questioni di compatibilit\u00e0 economiche e finanziarie, ma non solo. Sar\u00e0 pure opportuno partire dai rilievi formulati dal Senato accademico di luglio 2007. E ricordare che la drammatica mancanza di trasparenza che in questi anni ha caratterizzato la gestione dell\u2019universit\u00e0 \u00e8 una delle cause dei gravi problemi che oggi sopporta.<br \/>\n<strong><em>(Oscar Itzcovich)<\/em><\/strong><\/p>\n","protected":false},"excerpt":{"rendered":"<p>\u201cNon \u00e8 una maledizione, \u00e8 solo un&#8217; operazione che va fatta per bene&#8230; Finora per l&#8217; Universit\u00e0 \u00e8 stato un fardello operosissimo. E\u2019 assurdo che per problemi di inagibilit\u00e0 e sicurezza debbano essere rifatti i lavori nella parte gi\u00e0 restaurata\u201d. Cos\u00ec diceva a Repubblica, l&#8217;8 agosto 2008, il rettore appena eletto Giacomo Deferrari a proposito [&hellip;]<\/p>\n","protected":false},"author":1,"featured_media":0,"comment_status":"open","ping_status":"closed","sticky":false,"template":"","format":"standard","meta":{"footnotes":""},"categories":[209,23],"tags":[],"class_list":["post-1708","post","type-post","status-publish","format-standard","hentry","category-209","category-scuola-e-universita"],"_links":{"self":[{"href":"https:\/\/www.olinews.it\/mt\/index.php?rest_route=\/wp\/v2\/posts\/1708","targetHints":{"allow":["GET"]}}],"collection":[{"href":"https:\/\/www.olinews.it\/mt\/index.php?rest_route=\/wp\/v2\/posts"}],"about":[{"href":"https:\/\/www.olinews.it\/mt\/index.php?rest_route=\/wp\/v2\/types\/post"}],"author":[{"embeddable":true,"href":"https:\/\/www.olinews.it\/mt\/index.php?rest_route=\/wp\/v2\/users\/1"}],"replies":[{"embeddable":true,"href":"https:\/\/www.olinews.it\/mt\/index.php?rest_route=%2Fwp%2Fv2%2Fcomments&post=1708"}],"version-history":[{"count":0,"href":"https:\/\/www.olinews.it\/mt\/index.php?rest_route=\/wp\/v2\/posts\/1708\/revisions"}],"wp:attachment":[{"href":"https:\/\/www.olinews.it\/mt\/index.php?rest_route=%2Fwp%2Fv2%2Fmedia&parent=1708"}],"wp:term":[{"taxonomy":"category","embeddable":true,"href":"https:\/\/www.olinews.it\/mt\/index.php?rest_route=%2Fwp%2Fv2%2Fcategories&post=1708"},{"taxonomy":"post_tag","embeddable":true,"href":"https:\/\/www.olinews.it\/mt\/index.php?rest_route=%2Fwp%2Fv2%2Ftags&post=1708"}],"curies":[{"name":"wp","href":"https:\/\/api.w.org\/{rel}","templated":true}]}}