{"id":1709,"date":"2008-11-05T09:08:24","date_gmt":"2008-11-05T09:08:24","guid":{"rendered":"http:\/\/www.comevedonoidaltonici.com\/wordpress\/?p=1709"},"modified":"2008-11-05T09:08:24","modified_gmt":"2008-11-05T09:08:24","slug":"gelmini-studenti-in-piazza-e-scheletri-nellarmadio","status":"publish","type":"post","link":"https:\/\/www.olinews.it\/mt\/?p=1709","title":{"rendered":"Gelmini &#8211; Studenti in piazza e scheletri nell&#8217;armadio"},"content":{"rendered":"<p><img decoding=\"async\" src=\"http:\/\/www.olinews.it\/mt\/images\/scuolas.jpg\" alt=\"\" width=\"150\" align=\"left\" hspace=\"5\">I quotidiani scrivono da settimane della protesta contro la riforma Gelmini. Dopo anni di buio le manifestazioni studentesche hanno contribuito ad accendere i riflettori su ogni settore della scuola, a cominciare da quella primaria. Maestre, bambini, genitori hanno unito le loro ragioni a quelle degli studenti. Lo stesso hanno fatto i ricercatori e la popolazione dei precari. Nel movimento degli studenti si sono affacciati anche docenti e rettori universitari, quelli almeno che hanno finalmente capito che rischiano di assistere in tempi brevi alla smobilitazione delle universit\u00e0 dove insegnano e che governano. Si sa gi\u00e0 quando avverr\u00e0: tra l&#8217;inverno e la primavera del 2010 buona parte delle universit\u00e0 dovranno dichiarare lo stato di insolvenza ed essere commissariate (<em>Repubblica <\/em>30 ottobre &#8220;Il funerale dell&#8217;universit\u00e0&#8221;).<\/p>\n<p><!--more--><br \/>\nProfessori e rettori &#8211; almeno una parte di loro &#8211; si sono ricordati che hanno per legge oltre l&#8217;obbligo della docenza anche quello del governo; per l&#8217;universit\u00e0 la legislazione italiana prevede l&#8217;autogoverno. In verit\u00e0 se lo ricordavano benissimo e alcune pubblicazioni recenti sull&#8217;uso familiare, parentale e affaristico delle cattedre universitarie, sugli scandali relativi al patrimonio edilizio delle universit\u00e0, sulla manipolazione dei concorsi di ogni ordine e grado mostrano l&#8217;uso osceno che ne \u00e8 stato fatto e le complicit\u00e0 &#8211; anche politiche e sindacali &#8211; di cui hanno goduto.<br \/>\nMa inchieste brucianti, libri, denunce, lettere ai giornali avrebbero avuto una eco modesta se qualche settimana fa &#8220;l&#8217;onda&#8221; non avesse cominciato a muoversi. Solo grazie al movimento degli studenti \u00e8 possibile leggere le denunce del malaffare ministeriale e di quello universitario senza provare nello stesso tempo vergogna e sconforto. Il movimento degli studenti ha obbligato politici e sindacalisti a misurarsi dal vivo con problemi di cui a malapena conoscevano l&#8217;esistenza. Ha mostrato la polvere sui documenti prodotti pi\u00f9 per giustificare il proprio stipendio che per volont\u00e0 di affrontare la scuola malata. Se giorno dopo giorno centinaia di migliaia di ragazzi hanno preso a riflettere e a confrontarsi sulla loro vita d&#8217;oggi e di domani il merito \u00e8 solo del movimento degli studenti. Una discussione emozionante per un paese che vive nel balbettio politico.<br \/>\nSono in molti a tirare per la giacca il movimento degli studenti. Ci sono i disinteressati che hanno capito e apprezzato e si vogliono unire ma ci sono anche quelli che pensano che gli servir\u00e0 a fare cassa o quelli che vorrebbero decidere gi\u00e0 da ora dove affondare i paletti col cartello &#8220;non oltre&#8221;. Tra coloro che hanno segnalato questi rischi il pezzo pi\u00f9 bello l&#8217;ha scritto (<em>Repubblica <\/em>21 ottobre &#8217;08) Adriano Prosperi docente di Storia dell&#8217;et\u00e0 della Riforma e della Controriforma presso la Scuola Normale Superiore di Pisa. Parlando della sua generazione, solidamente abbarbicata a cattedre, ministeri e seggi di vario tipo ha scritto che gli studenti dovrebbero guardarsi dalle pacche sulle spalle che vengono dai loro docenti. E che &#8220;il loro eventuale appoggio andrebbe esorcizzato come una minaccia da chi vuole veramente che la scuola e l&#8217;universit\u00e0 italiana riprendano la loro funzione di cuore pulsante della societ\u00e0.&#8221; <I>(clicca <a href=\"http:\/\/ricerca.repubblica.it\/repubblica\/archivio\/repubblica\/2008\/10\/21\/cosa-dare-agli-studenti.html\">qui<\/a> per leggere l&#8217;articolo di Prosperi)<\/I><br \/>\n<strong><em>(Manlio Calegari)<\/em><\/strong><\/p>\n","protected":false},"excerpt":{"rendered":"<p>I quotidiani scrivono da settimane della protesta contro la riforma Gelmini. Dopo anni di buio le manifestazioni studentesche hanno contribuito ad accendere i riflettori su ogni settore della scuola, a cominciare da quella primaria. Maestre, bambini, genitori hanno unito le loro ragioni a quelle degli studenti. Lo stesso hanno fatto i ricercatori e la popolazione [&hellip;]<\/p>\n","protected":false},"author":1,"featured_media":0,"comment_status":"open","ping_status":"closed","sticky":false,"template":"","format":"standard","meta":{"footnotes":""},"categories":[209,23],"tags":[],"class_list":["post-1709","post","type-post","status-publish","format-standard","hentry","category-209","category-scuola-e-universita"],"_links":{"self":[{"href":"https:\/\/www.olinews.it\/mt\/index.php?rest_route=\/wp\/v2\/posts\/1709","targetHints":{"allow":["GET"]}}],"collection":[{"href":"https:\/\/www.olinews.it\/mt\/index.php?rest_route=\/wp\/v2\/posts"}],"about":[{"href":"https:\/\/www.olinews.it\/mt\/index.php?rest_route=\/wp\/v2\/types\/post"}],"author":[{"embeddable":true,"href":"https:\/\/www.olinews.it\/mt\/index.php?rest_route=\/wp\/v2\/users\/1"}],"replies":[{"embeddable":true,"href":"https:\/\/www.olinews.it\/mt\/index.php?rest_route=%2Fwp%2Fv2%2Fcomments&post=1709"}],"version-history":[{"count":0,"href":"https:\/\/www.olinews.it\/mt\/index.php?rest_route=\/wp\/v2\/posts\/1709\/revisions"}],"wp:attachment":[{"href":"https:\/\/www.olinews.it\/mt\/index.php?rest_route=%2Fwp%2Fv2%2Fmedia&parent=1709"}],"wp:term":[{"taxonomy":"category","embeddable":true,"href":"https:\/\/www.olinews.it\/mt\/index.php?rest_route=%2Fwp%2Fv2%2Fcategories&post=1709"},{"taxonomy":"post_tag","embeddable":true,"href":"https:\/\/www.olinews.it\/mt\/index.php?rest_route=%2Fwp%2Fv2%2Ftags&post=1709"}],"curies":[{"name":"wp","href":"https:\/\/api.w.org\/{rel}","templated":true}]}}