{"id":1715,"date":"2008-11-12T11:39:39","date_gmt":"2008-11-12T11:39:39","guid":{"rendered":"http:\/\/www.comevedonoidaltonici.com\/wordpress\/?p=1715"},"modified":"2008-11-12T11:39:39","modified_gmt":"2008-11-12T11:39:39","slug":"ilva-da-padre-a-figlio","status":"publish","type":"post","link":"https:\/\/www.olinews.it\/mt\/?p=1715","title":{"rendered":"Ilva &#8211; Da padre a figlio"},"content":{"rendered":"<p>Tutti sanno che la domanda di acciaio \u00e8 fortemente ciclica. Ma Emilio Riva, il patron dell\u2019Ilva, non prevede, si adegua (\u201cIo i budget li faccio a tre mesi\u201d, <em>Repubblica<\/em>, 25 luglio 2007) e firma solo accordi a lungo termine. Suo figlio Daniele non li fa nemmeno a tre (i budget): su <em>Repubblica <\/em>del 25 settembre 2008 annuncia che la nuova linea di zincatura \u201cverr\u00e0 inaugurata nella prima decade di novembre, con la sindaco Marta Vincenzi\u201d. Invece ora chiede la cassa integrazione per 13 settimane per altri 400 dipendenti che si sommano quindi agli altri 550 (<em>Corriere mercantile<\/em>, 7 novembre 2008).<\/p>\n<p><!--more--><br \/>\n\u201cLo sviluppo dell\u2019Ilva riparte da Roma\u201d. Cos\u00ec iniziava un articolo del <em>Secolo XIX <\/em>del 12 luglio 2008 che raccontava la firma del protocollo aggiuntivo all\u2019accordo di programma siglato nel 2005. Al Ministero per lo sviluppo economico c\u2019erano tutti. Regione Liguria, Comune di Genova, Provincia, assessori, Prefettura, sindacati, Confindustria, autorit\u00e0 portuale e, naturalmente, Emilio Riva, che garantiva con la sua firma gli impegni presi.<br \/>\nIl nuovo documento modificava il piano industriale dell\u2019azienda che era alla base dell\u2019Accordo di programma firmato nel 2005. La modifica dell\u2019Accordo di programma era nell\u2019aria da molto tempo per le numerose inadempienze dell\u2019azienda, culminate ad aprile 2008 nel licenziamento di sette apprendisti, poi riassunti. L\u2019Ilva \u201cmotivava\u201d la necessit\u00e0 della modifica dell\u2019Accordo di programma in poche pagine chiamate &#8220;Nota informativa sulla variazione del nostro Piano industriale&#8221;. Otto sbrigative paginette dove si parlava di mutamenti dell\u2019espansione siderurgica nei paesi asiatici, dell\u2019aumento dei prezzi delle materie prime, del petrolio e del trasporto marittimo, della debolezza del mercato nazionale della banda stagnata e, per contro, del \u201cvigore\u201d di quello dello zincato caratterizzato da una presunta \u201cdinamica positiva\u201d in diversi settori, come quelli degli automobili e degli elettrodomestici (OLI n. 184, 23 aprile 2008 ). Il nuovo accordo firmato a Roma prorogava di un altr o anno (il quarto!) la cassa integrazione per 550 lavoratori dell\u2019Ilva di Cornigliano. Con i commenti positivi di tutti i partecipanti e il \u201cvigileranno con cura l\u2019attuazione del piano industriale\u201d degli addetti al lavoro. Con quale convinzione non \u00e8 dato dire, perch\u00e9, la crisi era gi\u00e0 in atto, anche in quei settori a \u201cdinamica positiva\u201d. Un dettaglio a cui nessuno pare avesse allora prestato particolare attenzione. Lo sviluppo dell\u2019Ilva non sembra essere ripartito da Roma.<br \/>\n<strong><em>(Oscar Itzcovich)<\/em><\/strong><\/p>\n","protected":false},"excerpt":{"rendered":"<p>Tutti sanno che la domanda di acciaio \u00e8 fortemente ciclica. Ma Emilio Riva, il patron dell\u2019Ilva, non prevede, si adegua (\u201cIo i budget li faccio a tre mesi\u201d, Repubblica, 25 luglio 2007) e firma solo accordi a lungo termine. Suo figlio Daniele non li fa nemmeno a tre (i budget): su Repubblica del 25 settembre [&hellip;]<\/p>\n","protected":false},"author":1,"featured_media":0,"comment_status":"open","ping_status":"closed","sticky":false,"template":"","format":"standard","meta":{"footnotes":""},"categories":[210,8],"tags":[],"class_list":["post-1715","post","type-post","status-publish","format-standard","hentry","category-210","category-lavoro"],"_links":{"self":[{"href":"https:\/\/www.olinews.it\/mt\/index.php?rest_route=\/wp\/v2\/posts\/1715","targetHints":{"allow":["GET"]}}],"collection":[{"href":"https:\/\/www.olinews.it\/mt\/index.php?rest_route=\/wp\/v2\/posts"}],"about":[{"href":"https:\/\/www.olinews.it\/mt\/index.php?rest_route=\/wp\/v2\/types\/post"}],"author":[{"embeddable":true,"href":"https:\/\/www.olinews.it\/mt\/index.php?rest_route=\/wp\/v2\/users\/1"}],"replies":[{"embeddable":true,"href":"https:\/\/www.olinews.it\/mt\/index.php?rest_route=%2Fwp%2Fv2%2Fcomments&post=1715"}],"version-history":[{"count":0,"href":"https:\/\/www.olinews.it\/mt\/index.php?rest_route=\/wp\/v2\/posts\/1715\/revisions"}],"wp:attachment":[{"href":"https:\/\/www.olinews.it\/mt\/index.php?rest_route=%2Fwp%2Fv2%2Fmedia&parent=1715"}],"wp:term":[{"taxonomy":"category","embeddable":true,"href":"https:\/\/www.olinews.it\/mt\/index.php?rest_route=%2Fwp%2Fv2%2Fcategories&post=1715"},{"taxonomy":"post_tag","embeddable":true,"href":"https:\/\/www.olinews.it\/mt\/index.php?rest_route=%2Fwp%2Fv2%2Ftags&post=1715"}],"curies":[{"name":"wp","href":"https:\/\/api.w.org\/{rel}","templated":true}]}}