{"id":1717,"date":"2008-11-12T11:43:25","date_gmt":"2008-11-12T11:43:25","guid":{"rendered":"http:\/\/www.comevedonoidaltonici.com\/wordpress\/?p=1717"},"modified":"2008-11-12T11:43:25","modified_gmt":"2008-11-12T11:43:25","slug":"g8-un-sogno-se-un-giorno-a-de-ferrari%e2%80%a6","status":"publish","type":"post","link":"https:\/\/www.olinews.it\/mt\/?p=1717","title":{"rendered":"G8 &#8211; Un sogno: se un giorno a De Ferrari\u2026"},"content":{"rendered":"<p>Stanotte ho fatto un sogno (anch\u2019io, a volte). Eravamo a De Ferrari, tantissimi, silenziosi. Taceva anche l\u2019acqua della vasca. Davanti all\u2019ingresso del Ducale un palco, non troppo alto, con sopra una ventina di persone. Riconoscevo la sindaco, il presidente della regione, quello della provincia, qualche parlamentare di oggi e di ieri, Pinotti, Tullo, Dalla Chiesa, Musso, Rognoni e altri. Erano seri, afflitti. Parlava la sindaco e a momenti si girava verso l\u2019uno o l\u2019altro dei suoi vicini che davano segni di assenso, compunti. Il pubblico, noi, in silenzio e attento.<\/p>\n<p><!--more--><br \/>\n\u201cSiamo qui per chiedere scusa &#8211; diceva la sindaco &#8211; a voi ma anche alla popolazione della regione e a quella di tutto il nostro paese. Scelti per governare &#8211; maggioranza o opposizione, non fa differenza &#8211; non abbiamo capito che ci\u00f2 che \u00e8 seguito ai fatti del G8 non toccava solo le responsabilit\u00e0 di questo o quel manifestante e di questo o quel funzionario di polizia. Abbiamo osservato la promozione di tutti i dirigenti preposti in quei giorni all\u2019ordine pubblico senza capire che questo diventava il muro di difesa dietro al quale tutti i loro collaboratori si sarebbero nascosti impedendo la ricerca della verit\u00e0. Abbiamo ignorato gli appelli di coloro che cercavano di metterci sull\u2019avviso. Abbiamo tenuto lontano occhi e orecchie dalle aule dei tribunali: luoghi dove faticosamente si \u00e8 cercato la verit\u00e0 \u2013 quella giudiziaria perch\u00e9 a quella politica avevamo gi\u00e0 rinunciato.<br \/>\nAbbiamo fatto male: non avremmo certo influenzato le giurie mentre avremmo colto il clima di abbandono in cui si svolgevano i processi, la scarsa presenza del pubblico come quella della stampa e di riflesso l\u2019eco sui quotidiani. E avremmo provato imbarazzo scoprendo che solo alle parole delle vittime e dei loro avvocati veniva affidato il ricordo di fatti che noi stessi avevamo a suo tempo definito gravissimi.<br \/>\nE avremmo provato rabbia &#8211; s\u00ec rabbia &#8211; di fronte all\u2019evidente sabotaggio delle forze di polizia -non gli imputati che ad esse appartengono- nello svolgimento delle indagini. Avremmo provato addirittura vergogna quando si \u00e8 detto che un poliziotto filmato mentre in borghese manganellava gli ospiti della Diaz, era stato riconosciuto in aula solo a 7 anni di distanza dai fatti perch\u00e9 i suoi colleghi che avevano ricevuto il compito di individuarlo, avevano taciuto.<br \/>\nE avremmo finalmente gridato allo scandalo quando fossimo stati testimoni di quanto \u00e8 successo durante le ultime udienze del processo contro i poliziotti della Diaz. Non \u00e8 il loro sacrosanto diritto a difendersi che ci avrebbe ferito, n\u00e9 le ricostruzioni pi\u00f9 fantasiose proposte dai loro avvocati per sollevarli dalle loro responsabilit\u00e0. E\u2019 il disprezzo fino al dileggio mostrato nei confronti dell\u2019accusa e quindi del tribunale. Che vogliono dire che nel nostro paese la polizia non pu\u00f2 essere processata neppure quando responsabile di provocazioni e depistaggi conclamati. E guai a chi si provasse a farlo.<br \/>\nPer non aver capito e denunciato tutto questo cari concittadini noi ci scusiamo.\u201d<br \/>\n<strong><em>(Manlio Calegari)<\/em><\/strong><\/p>\n","protected":false},"excerpt":{"rendered":"<p>Stanotte ho fatto un sogno (anch\u2019io, a volte). Eravamo a De Ferrari, tantissimi, silenziosi. Taceva anche l\u2019acqua della vasca. Davanti all\u2019ingresso del Ducale un palco, non troppo alto, con sopra una ventina di persone. Riconoscevo la sindaco, il presidente della regione, quello della provincia, qualche parlamentare di oggi e di ieri, Pinotti, Tullo, Dalla Chiesa, [&hellip;]<\/p>\n","protected":false},"author":1,"featured_media":0,"comment_status":"open","ping_status":"closed","sticky":false,"template":"","format":"standard","meta":{"footnotes":""},"categories":[210,10],"tags":[],"class_list":["post-1717","post","type-post","status-publish","format-standard","hentry","category-210","category-politica"],"_links":{"self":[{"href":"https:\/\/www.olinews.it\/mt\/index.php?rest_route=\/wp\/v2\/posts\/1717","targetHints":{"allow":["GET"]}}],"collection":[{"href":"https:\/\/www.olinews.it\/mt\/index.php?rest_route=\/wp\/v2\/posts"}],"about":[{"href":"https:\/\/www.olinews.it\/mt\/index.php?rest_route=\/wp\/v2\/types\/post"}],"author":[{"embeddable":true,"href":"https:\/\/www.olinews.it\/mt\/index.php?rest_route=\/wp\/v2\/users\/1"}],"replies":[{"embeddable":true,"href":"https:\/\/www.olinews.it\/mt\/index.php?rest_route=%2Fwp%2Fv2%2Fcomments&post=1717"}],"version-history":[{"count":0,"href":"https:\/\/www.olinews.it\/mt\/index.php?rest_route=\/wp\/v2\/posts\/1717\/revisions"}],"wp:attachment":[{"href":"https:\/\/www.olinews.it\/mt\/index.php?rest_route=%2Fwp%2Fv2%2Fmedia&parent=1717"}],"wp:term":[{"taxonomy":"category","embeddable":true,"href":"https:\/\/www.olinews.it\/mt\/index.php?rest_route=%2Fwp%2Fv2%2Fcategories&post=1717"},{"taxonomy":"post_tag","embeddable":true,"href":"https:\/\/www.olinews.it\/mt\/index.php?rest_route=%2Fwp%2Fv2%2Ftags&post=1717"}],"curies":[{"name":"wp","href":"https:\/\/api.w.org\/{rel}","templated":true}]}}