{"id":1730,"date":"2008-11-26T16:02:40","date_gmt":"2008-11-26T16:02:40","guid":{"rendered":"http:\/\/www.comevedonoidaltonici.com\/wordpress\/?p=1730"},"modified":"2008-11-26T16:02:40","modified_gmt":"2008-11-26T16:02:40","slug":"g8-dopo-le-sentenze-cosa-si-deve-fare","status":"publish","type":"post","link":"https:\/\/www.olinews.it\/mt\/?p=1730","title":{"rendered":"G8 &#8211; Dopo le sentenze cosa si deve fare"},"content":{"rendered":"<p><img decoding=\"async\" src=\"http:\/\/www.olinews.it\/mt\/images\/giustizias.jpg\" alt=\"\" width=\"150\" align=\"left\" hspace=\"5\">La prima cosa da fare, ha scritto su <em>Repubblica <\/em>(18 novembre \u201908) Valerio Onida ex presidente della Corte costituzionale, \u00e8 riflettere. Rabbia e delusione hanno valide ragioni ma chi si propone di trarne elementi per una battaglia politica dovrebbe prendere atto di alcuni fatti che ad oggi le sentenze sia di Bolzaneto sia della Diaz hanno affermato.<br \/>\nScrive Onida: \u201cSono stati accertati dai giudici numerosi fatti non isolati di uso arbitrario della violenza fisica e morale da parte di esponenti delle forze dell\u2019ordine nei confronti di persone inermi o poste in stato di arresto.\u201d Si tratta di reato gravissimo di cui \u00e8 prevista la punizione sia dalla Costituzione Italiana sia dalla convenzione europea dei diritti attuativa della Dichiarazione universale dei diritti dell\u2019uomo e su cui \u00e8 competente la Corte dei diritti umani di Strasburgo.<\/p>\n<p><!--more--><br \/>\nLa Diaz non \u00e8 stata una rissa da bar, al contrario: \u201ci fatti accertati coinvolgono e gravemente le istituzioni\u201d. Quando rappresentanti delle forze dell\u2019ordine infieriscono su persone inermi e le accusano ingiustamente di fatti di cui le sanno innocenti; quando altri rappresentanti di queste forze hanno consentito alla violenza, hanno umiliato e insultato persone arrestate, in definitiva quando lo Stato fa un uso illegittimo e quindi privato della forza, conclude Onida, il diritto di cui lo stato \u00e8 espressione diventa arbitrio e il principio di legalit\u00e0 \u00e8 compromesso.<br \/>\nCome, dopo la Diaz e Bolzaneto, si restaura il principio di legalit\u00e0? Ad esempio interrogandosi su chi forma e come viene formato il personale di polizia, con quali direttive, codici di condotta, controlli, in definitiva sulla \u201ccultura\u201d dei corpi di polizia.<br \/>\nE il proscioglimento degli alti gradi della polizia? Se ai giudici si chiede di accertare scrupolosamente fatti e responsabilit\u00e0 individuali, ai vertici degli apparati di sicurezza -risponde Onida \u00e8 giusto chiedere di \u201cdare conto di macchie di questa portata\u2026\u201d.<br \/>\nOnida conclude che i cittadini italiani avrebbero oggi il diritto di attendersi da un governo democratico oltre che le scuse doverose dopo quanto \u00e8 stato accertato, l\u2019adozione delle misure necessarie \u2013 a cominciare da una legge che preveda e punisca il delitto di tortura e a seguire una riconsiderazione della formazione e del controllo del personale preposto \u2013 per impedire il ripetersi delle deviazioni accertate.<br \/>\nLe riflessioni dell\u2019ex presidente della Corte Costituzionale sono quelle di chi preferisce vedere il bicchiere mezzo pieno? A suo favore c\u2019\u00e8 sicuramente un fatto che non \u00e8 sfuggito ai politici, sia quelli che si sono dichiarati scandalizzati sia quelli che hanno subito fatto barricate di fronte alla possibilit\u00e0 di una riconsiderazione \u201cpolitica\u201d (ad esempio nel senso proposto da Onida) della vicenda.<br \/>\nIl fatto \u00e8 che la stampa quotidiana che conta \u2013 <em>Repubblica <\/em>ma anche <em>Corriere <\/em>e <em>Stampa <\/em>\u2013 pur con apprezzamenti diversi per la sentenza ha colto la questione posta da Onida: anche un numero relativamente modesto di condanne di operatori (di vario grado) delle forze dell\u2019ordine per reati cos\u00ec infamanti \u00e8 questione che rinvia dalle aule giudiziarie alla politica.<br \/>\n<strong><em>(Manlio Calegari)<\/em><\/strong><\/p>\n","protected":false},"excerpt":{"rendered":"<p>La prima cosa da fare, ha scritto su Repubblica (18 novembre \u201908) Valerio Onida ex presidente della Corte costituzionale, \u00e8 riflettere. Rabbia e delusione hanno valide ragioni ma chi si propone di trarne elementi per una battaglia politica dovrebbe prendere atto di alcuni fatti che ad oggi le sentenze sia di Bolzaneto sia della Diaz [&hellip;]<\/p>\n","protected":false},"author":1,"featured_media":0,"comment_status":"open","ping_status":"closed","sticky":false,"template":"","format":"standard","meta":{"footnotes":""},"categories":[212,17],"tags":[],"class_list":["post-1730","post","type-post","status-publish","format-standard","hentry","category-212","category-giustizia"],"_links":{"self":[{"href":"https:\/\/www.olinews.it\/mt\/index.php?rest_route=\/wp\/v2\/posts\/1730","targetHints":{"allow":["GET"]}}],"collection":[{"href":"https:\/\/www.olinews.it\/mt\/index.php?rest_route=\/wp\/v2\/posts"}],"about":[{"href":"https:\/\/www.olinews.it\/mt\/index.php?rest_route=\/wp\/v2\/types\/post"}],"author":[{"embeddable":true,"href":"https:\/\/www.olinews.it\/mt\/index.php?rest_route=\/wp\/v2\/users\/1"}],"replies":[{"embeddable":true,"href":"https:\/\/www.olinews.it\/mt\/index.php?rest_route=%2Fwp%2Fv2%2Fcomments&post=1730"}],"version-history":[{"count":0,"href":"https:\/\/www.olinews.it\/mt\/index.php?rest_route=\/wp\/v2\/posts\/1730\/revisions"}],"wp:attachment":[{"href":"https:\/\/www.olinews.it\/mt\/index.php?rest_route=%2Fwp%2Fv2%2Fmedia&parent=1730"}],"wp:term":[{"taxonomy":"category","embeddable":true,"href":"https:\/\/www.olinews.it\/mt\/index.php?rest_route=%2Fwp%2Fv2%2Fcategories&post=1730"},{"taxonomy":"post_tag","embeddable":true,"href":"https:\/\/www.olinews.it\/mt\/index.php?rest_route=%2Fwp%2Fv2%2Ftags&post=1730"}],"curies":[{"name":"wp","href":"https:\/\/api.w.org\/{rel}","templated":true}]}}