{"id":1739,"date":"2008-12-03T09:33:22","date_gmt":"2008-12-03T09:33:22","guid":{"rendered":"http:\/\/www.comevedonoidaltonici.com\/wordpress\/?p=1739"},"modified":"2008-12-03T09:33:22","modified_gmt":"2008-12-03T09:33:22","slug":"partecipazione-gli-inutili-nomi-degli-assenti","status":"publish","type":"post","link":"https:\/\/www.olinews.it\/mt\/?p=1739","title":{"rendered":"Partecipazione &#8211; Gli inutili nomi degli assenti"},"content":{"rendered":"<p>Ma perch\u00e9 continuano a mettere i loro nomi su brochures, programmi ed inviti? L\u2019aspettativa \u00e8 che siano un richiamo? Che, vedendoli, venga pi\u00f9 gente?<br \/>\nMi faccio questa domanda alla inaugurazione della mostra <a href=\"http:\/\/liliblog.files.wordpress.com\/2008\/10\/depliant-ragazze-leggero.pdf\">\u201cVoci e volti di donne del ponente dal dopoguerra ad oggi\u201d<\/a> a Sestri Ponente, e mi rispondo che, forse, sarebbe meglio soprassedere: infatti gli assessori previsti, sistematicamente, non si fanno vedere e le persone arrivano, in realt\u00e0, grazie alla rete di rapporti, relazioni e interessi che traccia la strada da casa loro al luogo dove si svolge l\u2019evento.<br \/>\nLa mostra, inaugurata lo scorso 24 ottobre a Cornigliano, e dal 28 novembre alla Manifattura Tabacchi di Sestri, ha visto molto popolo partecipare ai suoi eventi (dibattiti, proiezioni di video e di film, rappresentazioni teatrali). Nessuna traccia invece della giunta comunale che attraverso Margini, Ranieri, Vincenzi doveva essere presente a vari appuntamenti. Unica presenza istituzionale attenta e costante quella del presidente della Circoscrizione Medio Ponente.<\/p>\n<p><!--more--><br \/>\nOgnuno, di certo, aveva i suoi motivi, le sue impossibilit\u00e0, le sue priorit\u00e0. Ma ci\u00f2 non attenua affatto la questione dell\u2019insoddisfacente rapporto tra amministratori e citt\u00e0.<br \/>\nSpesso sono proprio loro a lamentarsi dell\u2019isolamento rispetto ai propri amministrati, coi quali il rapporto, dicono, si riduce spesso a defatiganti ed aggressivi confronti con comitati che si coagulano intorno a interessi estremamente parziali e frammentati.<br \/>\nMa allora perch\u00e9 non percorrere altre strade? Perch\u00e9 non cogliere, con un po\u2019 di inventiva, le occasioni che creano i cittadini?<br \/>\nLa mostra di cui parliamo \u00e8 un caso che presenta particolarit\u00e0 interessanti per questa riflessione. Risultato di un lavoro collettivo durato un anno, ha messo in relazione tra loro moltissime persone di quel territorio e di altrove, diversissime per et\u00e0, storia, esperienza: operatrici delle biblioteche di Sestri e Cornigliano, decine di donne che si sono fatte intervistare, metalmeccaniche che negli anni \u201970 fecero vivere la stagione del femminismo nelle fabbriche, impiegate in cassa integrazione all\u2019Ilva, ragazze precarie, autrici teatrali, giovani laureate che \u2013 prime in Italia \u2013 hanno tracciato la storia nazionale e locale del \u201cCoordinamento Donne FLM\u201d, operatrici immigrate, insegnanti, studenti.<br \/>\nAgli amministratori vorrei chiedere: perch\u00e9 \u00e8 irrinunciabile rispondere al comitato per la sosta sul marciapiede, mentre rinunciate cos\u00ec facilmente all\u2019impegno che avete preso con la varia comunit\u00e0 che ha dato vita a questa mostra? Se fossimo stati in periodo elettorale avreste fatto lo stesso?<br \/>\n<strong><em>(Paola Pierantoni)<\/em><\/strong><\/p>\n","protected":false},"excerpt":{"rendered":"<p>Ma perch\u00e9 continuano a mettere i loro nomi su brochures, programmi ed inviti? L\u2019aspettativa \u00e8 che siano un richiamo? Che, vedendoli, venga pi\u00f9 gente? Mi faccio questa domanda alla inaugurazione della mostra \u201cVoci e volti di donne del ponente dal dopoguerra ad oggi\u201d a Sestri Ponente, e mi rispondo che, forse, sarebbe meglio soprassedere: infatti [&hellip;]<\/p>\n","protected":false},"author":1,"featured_media":0,"comment_status":"open","ping_status":"closed","sticky":false,"template":"","format":"standard","meta":{"footnotes":""},"categories":[213,10],"tags":[],"class_list":["post-1739","post","type-post","status-publish","format-standard","hentry","category-213","category-politica"],"_links":{"self":[{"href":"https:\/\/www.olinews.it\/mt\/index.php?rest_route=\/wp\/v2\/posts\/1739","targetHints":{"allow":["GET"]}}],"collection":[{"href":"https:\/\/www.olinews.it\/mt\/index.php?rest_route=\/wp\/v2\/posts"}],"about":[{"href":"https:\/\/www.olinews.it\/mt\/index.php?rest_route=\/wp\/v2\/types\/post"}],"author":[{"embeddable":true,"href":"https:\/\/www.olinews.it\/mt\/index.php?rest_route=\/wp\/v2\/users\/1"}],"replies":[{"embeddable":true,"href":"https:\/\/www.olinews.it\/mt\/index.php?rest_route=%2Fwp%2Fv2%2Fcomments&post=1739"}],"version-history":[{"count":0,"href":"https:\/\/www.olinews.it\/mt\/index.php?rest_route=\/wp\/v2\/posts\/1739\/revisions"}],"wp:attachment":[{"href":"https:\/\/www.olinews.it\/mt\/index.php?rest_route=%2Fwp%2Fv2%2Fmedia&parent=1739"}],"wp:term":[{"taxonomy":"category","embeddable":true,"href":"https:\/\/www.olinews.it\/mt\/index.php?rest_route=%2Fwp%2Fv2%2Fcategories&post=1739"},{"taxonomy":"post_tag","embeddable":true,"href":"https:\/\/www.olinews.it\/mt\/index.php?rest_route=%2Fwp%2Fv2%2Ftags&post=1739"}],"curies":[{"name":"wp","href":"https:\/\/api.w.org\/{rel}","templated":true}]}}