{"id":1749,"date":"2008-12-17T17:07:51","date_gmt":"2008-12-17T17:07:51","guid":{"rendered":"http:\/\/www.comevedonoidaltonici.com\/wordpress\/?p=1749"},"modified":"2008-12-17T17:07:51","modified_gmt":"2008-12-17T17:07:51","slug":"l%e2%80%99occasione-perduta","status":"publish","type":"post","link":"https:\/\/www.olinews.it\/mt\/?p=1749","title":{"rendered":"L\u2019occasione perduta"},"content":{"rendered":"<p>Fra poco pi\u00f9 di una settimana la Mostra \u201cRagazze di Fabbrica\u201d finir\u00e0 la sua permanenza alla Biblioteca Bruschi Sartori, partecipare alla sua realizzazione \u00e8 stata una bella esperienza coinvolgente ed emozionante.<br \/>\nEmozione \u00e8 infatti la parola pi\u00f9 adatta per dire dei numerosi incontri che ci sono stati durante tutto il periodo della mostra.<br \/>\nMa qualche mancanza c\u2019\u00e8 stata, ed una in particolare \u00e8 stata \u201cfragorosa\u201d: quella del Sindacato.<br \/>\nDai tabelloni della mostra, nei dibattiti, nelle conversazioni, il Sindacato \u00e8 stato continuamente richiamato: per ricordare le rivendicazioni, le lotte, i contratti, le manifestazioni, le assemblee, o anche per evocare i contrasti e le discussioni accese.<br \/>\nChe presenza ingombrante per tanti anni della nostra vita!!<br \/>\nEd ora \u00e8 tutto finito? Forse perch\u00e8 rappresentiamo il passato?<br \/>\nEppure da delegata sindacale, nei momenti formativi, mi veniva spiegato che bisogna conoscere il passato per sapere verso che cosa si sta andando.<br \/>\nLa lunga appartenenza alla Cgil, ancora oggi da pensionata, mi ispira questa ulteriore \u201crivendicazione\u201d. E\u2019 quasi un riflesso condizionato!<br \/>\nAvevo immaginato che il sindacato avrebbe colto questa occasione per favorire un incontro fra diverse generazioni di lavoratrici, quelle di oggi e quelle del passato.<br \/>\nForse avremmo scoperto che abbiamo delle cose da dirci.<br \/>\nPenso che abbiamo perso un\u2019occasione e non volevo far finta di nulla.<br \/>\n<strong><em>(Luisa Campagna) <\/em><\/strong><\/p>\n","protected":false},"excerpt":{"rendered":"<p>Fra poco pi\u00f9 di una settimana la Mostra \u201cRagazze di Fabbrica\u201d finir\u00e0 la sua permanenza alla Biblioteca Bruschi Sartori, partecipare alla sua realizzazione \u00e8 stata una bella esperienza coinvolgente ed emozionante. Emozione \u00e8 infatti la parola pi\u00f9 adatta per dire dei numerosi incontri che ci sono stati durante tutto il periodo della mostra. Ma qualche [&hellip;]<\/p>\n","protected":false},"author":1,"featured_media":0,"comment_status":"open","ping_status":"closed","sticky":false,"template":"","format":"standard","meta":{"footnotes":""},"categories":[215,8,160],"tags":[],"class_list":["post-1749","post","type-post","status-publish","format-standard","hentry","category-215","category-lavoro","category-lettere"],"_links":{"self":[{"href":"https:\/\/www.olinews.it\/mt\/index.php?rest_route=\/wp\/v2\/posts\/1749","targetHints":{"allow":["GET"]}}],"collection":[{"href":"https:\/\/www.olinews.it\/mt\/index.php?rest_route=\/wp\/v2\/posts"}],"about":[{"href":"https:\/\/www.olinews.it\/mt\/index.php?rest_route=\/wp\/v2\/types\/post"}],"author":[{"embeddable":true,"href":"https:\/\/www.olinews.it\/mt\/index.php?rest_route=\/wp\/v2\/users\/1"}],"replies":[{"embeddable":true,"href":"https:\/\/www.olinews.it\/mt\/index.php?rest_route=%2Fwp%2Fv2%2Fcomments&post=1749"}],"version-history":[{"count":0,"href":"https:\/\/www.olinews.it\/mt\/index.php?rest_route=\/wp\/v2\/posts\/1749\/revisions"}],"wp:attachment":[{"href":"https:\/\/www.olinews.it\/mt\/index.php?rest_route=%2Fwp%2Fv2%2Fmedia&parent=1749"}],"wp:term":[{"taxonomy":"category","embeddable":true,"href":"https:\/\/www.olinews.it\/mt\/index.php?rest_route=%2Fwp%2Fv2%2Fcategories&post=1749"},{"taxonomy":"post_tag","embeddable":true,"href":"https:\/\/www.olinews.it\/mt\/index.php?rest_route=%2Fwp%2Fv2%2Ftags&post=1749"}],"curies":[{"name":"wp","href":"https:\/\/api.w.org\/{rel}","templated":true}]}}