{"id":1750,"date":"2008-12-17T17:09:42","date_gmt":"2008-12-17T17:09:42","guid":{"rendered":"http:\/\/www.comevedonoidaltonici.com\/wordpress\/?p=1750"},"modified":"2008-12-17T17:09:42","modified_gmt":"2008-12-17T17:09:42","slug":"genova-citta-dei-diritti","status":"publish","type":"post","link":"https:\/\/www.olinews.it\/mt\/?p=1750","title":{"rendered":"Genova citt\u00e0 dei Diritti?"},"content":{"rendered":"<p>Dieci giorni dedicati ai diritti sono stati una iniziativa importante in termini di contenuti e per l\u2019esigenza di richiamare l\u2019attenzione sui sistemi di valori civili trascurati dai molti media e ignorati dai pi\u00f9 siano essi cittadini o amministratori.<br \/>\nDisturba solo l\u2019enfasi di alcuni particolari con cui \u00e8 stata presentata l\u2019iniziativa quali, ad esempio: \u201cGenova capitale dei diritti umani e civili che converte le sue ferite in progetti di impegno, in identit\u00e0 pi\u00f9 alte\u201d.<br \/>\n\u201cCapitale\u201d \u00e8 un appellativo abusato che non si vorrebbe pi\u00f9 sentire pronunciare. La citt\u00e0 si \u00e8 infatti autoproclamata nel tempo: \u201cCapitale delle Partecipazioni Statali\u201d \u2013 \u201cdella portualit\u00e0\u201d \u2013 della siderurgia\u201d \u2013 del nucleare\u201d \u2013 \u201cdella elettronica\u201d e via discorrendo. Ma ogni volta un fallimento ha chiuso il breve ciclo di presunta supremazia tra l\u2019indifferenza di chi poteva e nella sofferenza di chi traumaticamente veniva espulso dal ciclo produttivo.<br \/>\n\u201cGenova citt\u00e0 dei diritti\u201d, ma la sentenza recentissima su una parte del G8 ci ha lasciato l\u2019amaro in bocca, confessiamolo! I due filoni su cui la Procura continua a scavare (porto \u2013 mensopoli) sembrano confermare che Genova non \u00e8 molto diversa dalle altre citt\u00e0 italiane, anzi.<br \/>\nForse potrebbe essere utile a chi ha organizzato il ciclo di incontri ripassare la recente storia della Superba e gli suggeriamo l\u2019interessante aggiornamento: M. Preve \u2013 F. Sansa, \u201cIl partito del cemento\u201d, Chiarelettere Editore, Milano luglio 2008.<br \/>\n<strong><em>(Vittorio Flick) <\/em><\/strong><\/p>\n","protected":false},"excerpt":{"rendered":"<p>Dieci giorni dedicati ai diritti sono stati una iniziativa importante in termini di contenuti e per l\u2019esigenza di richiamare l\u2019attenzione sui sistemi di valori civili trascurati dai molti media e ignorati dai pi\u00f9 siano essi cittadini o amministratori. Disturba solo l\u2019enfasi di alcuni particolari con cui \u00e8 stata presentata l\u2019iniziativa quali, ad esempio: \u201cGenova capitale [&hellip;]<\/p>\n","protected":false},"author":1,"featured_media":0,"comment_status":"open","ping_status":"closed","sticky":false,"template":"","format":"standard","meta":{"footnotes":""},"categories":[215,11,160],"tags":[],"class_list":["post-1750","post","type-post","status-publish","format-standard","hentry","category-215","category-diritti-umani","category-lettere"],"_links":{"self":[{"href":"https:\/\/www.olinews.it\/mt\/index.php?rest_route=\/wp\/v2\/posts\/1750","targetHints":{"allow":["GET"]}}],"collection":[{"href":"https:\/\/www.olinews.it\/mt\/index.php?rest_route=\/wp\/v2\/posts"}],"about":[{"href":"https:\/\/www.olinews.it\/mt\/index.php?rest_route=\/wp\/v2\/types\/post"}],"author":[{"embeddable":true,"href":"https:\/\/www.olinews.it\/mt\/index.php?rest_route=\/wp\/v2\/users\/1"}],"replies":[{"embeddable":true,"href":"https:\/\/www.olinews.it\/mt\/index.php?rest_route=%2Fwp%2Fv2%2Fcomments&post=1750"}],"version-history":[{"count":0,"href":"https:\/\/www.olinews.it\/mt\/index.php?rest_route=\/wp\/v2\/posts\/1750\/revisions"}],"wp:attachment":[{"href":"https:\/\/www.olinews.it\/mt\/index.php?rest_route=%2Fwp%2Fv2%2Fmedia&parent=1750"}],"wp:term":[{"taxonomy":"category","embeddable":true,"href":"https:\/\/www.olinews.it\/mt\/index.php?rest_route=%2Fwp%2Fv2%2Fcategories&post=1750"},{"taxonomy":"post_tag","embeddable":true,"href":"https:\/\/www.olinews.it\/mt\/index.php?rest_route=%2Fwp%2Fv2%2Ftags&post=1750"}],"curies":[{"name":"wp","href":"https:\/\/api.w.org\/{rel}","templated":true}]}}