{"id":1752,"date":"2008-12-17T17:12:21","date_gmt":"2008-12-17T17:12:21","guid":{"rendered":"http:\/\/www.comevedonoidaltonici.com\/wordpress\/?p=1752"},"modified":"2008-12-17T17:12:21","modified_gmt":"2008-12-17T17:12:21","slug":"femminismo-distinguere-il-potere-dalla-politica","status":"publish","type":"post","link":"https:\/\/www.olinews.it\/mt\/?p=1752","title":{"rendered":"Femminismo &#8211; Distinguere il potere dalla politica"},"content":{"rendered":"<p>Un articolo di Ida Dominijanni sul <em>Manifesto <\/em>del 2 dicembre parla della riflessione aperta dalla filosofa femminista Luisa Muraro sul \u201cmiraggio del potere nel deserto della politica\u201d.<br \/>\nIl paradosso da cui prende avvio il discorso \u00e8 quello \u201cdi una libert\u00e0 femminile che cresce (meno subordinazione all\u2019uomo e al destino biologico, pi\u00f9 lavoro, pi\u00f9 partecipazione alla vita pubblica, pi\u00f9 istruzione, pi\u00f9 autonomia) dentro una crisi di civilt\u00e0 che mette a rischio la tenuta della democrazia, la coesistenza pacifica dei popoli e delle razze, la forza contrattuale della forza lavoro, la qualit\u00e0 stessa dei rapporti umani\u201d.<\/p>\n<p><!--more--><br \/>\nUn paradosso, aggiunge Dominijanni, che per le donne che vengono dalla generazione del femminismo degli anni \u201970 si riflette \u201cin un sentimento di lacerante ambivalenza nei confronti del presente\u201d che nasce non solo dalla inevitabile coesistenza di aspetti contrastanti in un\u2019epoca di passaggio come la nostra, ma anche dal fatto che la prospettiva femminista non \u00e8 riuscita a contaminare la politica della sinistra che \u201ccontinua a pensare che quel che le donne dicono e fanno riguardi una parte recintabile del reale, invece di capire che mette in discussione la visione del reale nel suo insieme\u201d.<br \/>\nResponsabili da un lato la sordit\u00e0 maschile, dall\u2019altro i limiti della stessa pratica femminista, in particolare nel suo rapporto con la questione del potere.<br \/>\nAppunto l\u2019analisi dei rapporti tra la politica e il potere \u00e8 stata oggetto del seminario \u201cPotere e politica non sono la stessa cosa\u201d organizzato dalla Comunit\u00e0 filosofica femminile Diotima (http:\/\/www.diotimafilosofe.it\/ ) tra il 10 ottobre e il 28 novembre presso l\u2019Universit\u00e0 di Verona.<br \/>\nUno dei nodi pi\u00f9 importanti da sciogliere, dicono le donne che hanno organizzato il convegno, \u00e8 quello della confusione tra politica e potere. \u201cC&#8217;\u00e8 infatti una tendenza, una specie di costrizione oggi a pensare che il piano del potere e quello della politica coincidano\u2026 Tutto quello che rimane a margine, e che \u00e8 altro e diverso, viene cancellato. Cos\u00ec risultano marginali le diverse forme di politica che sono state sperimentate e che hanno una storia, percorsi, intrecci vitali. E non si intende qui solo la politica delle donne, ma anche altre forme di politica relazionale\u201d.<br \/>\nTuttavia, aggiungono, \u201csbrogliare l&#8217;intreccio tra politica e potere non \u00e8 per niente facile\u201d. La differenza \u201ctra una politica che si appiattisce sul potere, e una che invece si sottrae alla sua presa e inventa libert\u00e0\u201d pu\u00f2 essere chiara, ma come trarne un sapere che ci permetta di agire con efficacia trovando la \u201cgiusta distanza\u201d, in modo da non identificarci col potere, ma nemmeno illuderci di starne fuori?<br \/>\n<strong><em>(Paola Pierantoni)<\/em><\/strong><\/p>\n","protected":false},"excerpt":{"rendered":"<p>Un articolo di Ida Dominijanni sul Manifesto del 2 dicembre parla della riflessione aperta dalla filosofa femminista Luisa Muraro sul \u201cmiraggio del potere nel deserto della politica\u201d. Il paradosso da cui prende avvio il discorso \u00e8 quello \u201cdi una libert\u00e0 femminile che cresce (meno subordinazione all\u2019uomo e al destino biologico, pi\u00f9 lavoro, pi\u00f9 partecipazione alla [&hellip;]<\/p>\n","protected":false},"author":1,"featured_media":0,"comment_status":"open","ping_status":"closed","sticky":false,"template":"","format":"standard","meta":{"footnotes":""},"categories":[215,10],"tags":[],"class_list":["post-1752","post","type-post","status-publish","format-standard","hentry","category-215","category-politica"],"_links":{"self":[{"href":"https:\/\/www.olinews.it\/mt\/index.php?rest_route=\/wp\/v2\/posts\/1752","targetHints":{"allow":["GET"]}}],"collection":[{"href":"https:\/\/www.olinews.it\/mt\/index.php?rest_route=\/wp\/v2\/posts"}],"about":[{"href":"https:\/\/www.olinews.it\/mt\/index.php?rest_route=\/wp\/v2\/types\/post"}],"author":[{"embeddable":true,"href":"https:\/\/www.olinews.it\/mt\/index.php?rest_route=\/wp\/v2\/users\/1"}],"replies":[{"embeddable":true,"href":"https:\/\/www.olinews.it\/mt\/index.php?rest_route=%2Fwp%2Fv2%2Fcomments&post=1752"}],"version-history":[{"count":0,"href":"https:\/\/www.olinews.it\/mt\/index.php?rest_route=\/wp\/v2\/posts\/1752\/revisions"}],"wp:attachment":[{"href":"https:\/\/www.olinews.it\/mt\/index.php?rest_route=%2Fwp%2Fv2%2Fmedia&parent=1752"}],"wp:term":[{"taxonomy":"category","embeddable":true,"href":"https:\/\/www.olinews.it\/mt\/index.php?rest_route=%2Fwp%2Fv2%2Fcategories&post=1752"},{"taxonomy":"post_tag","embeddable":true,"href":"https:\/\/www.olinews.it\/mt\/index.php?rest_route=%2Fwp%2Fv2%2Ftags&post=1752"}],"curies":[{"name":"wp","href":"https:\/\/api.w.org\/{rel}","templated":true}]}}