{"id":1755,"date":"2008-12-17T17:18:13","date_gmt":"2008-12-17T17:18:13","guid":{"rendered":"http:\/\/www.comevedonoidaltonici.com\/wordpress\/?p=1755"},"modified":"2008-12-17T17:18:13","modified_gmt":"2008-12-17T17:18:13","slug":"diossina-chissa-chi-lo-sa","status":"publish","type":"post","link":"https:\/\/www.olinews.it\/mt\/?p=1755","title":{"rendered":"Diossina &#8211; Chiss\u00e0 chi lo sa"},"content":{"rendered":"<p><img loading=\"lazy\" decoding=\"async\" src=\"http:\/\/www.olinews.it\/mt\/images\/ambientes.jpg\" alt=\"\" width=\"200\" height=\"162\" align=\"left\" hspace=\"5\">Venerd\u00ec 12, incontro al margine dello sciopero.<br \/>\nLui a me: \u201cSei in pensione?\u201d (In realt\u00e0 lo sa benissimo ma da un po\u2019 non ci si vede)<br \/>\nIo: \u201cDa quattr\u2019anni.\u201d<br \/>\nLui: \u201cRicevo il vostro giornalino\u201d.<br \/>\nIo taccio anche perch\u00e9 non mi va che chiami la NL giornalino.<br \/>\nLui (che per la cronaca fa il sindacalista) insiste \u201cMa a cosa serve leggere il giornale?\u201d<br \/>\nIo prendo tempo e lui \u201cFammi un solo esempio di una cosa che hai letto negli ultimi 10 giorni su Berlusca, i giudici, l\u2019economia o quel che ti pare che gi\u00e0 non sapevi\u201d.<br \/>\nLa prendo larga e sul filo del patetico. \u201cSai, vivo solo; il giornale \u00e8\u2026 un un modo per dialogare col prossimo: conferme, domande\u2026\u201d.<br \/>\nA questo punto lui mi ha guardato con una espressione stupita, quasi imbarazzata; comunque non favorevole.<\/p>\n<p><!--more--><br \/>\nTorno a casa e ho in mente la sua faccia, le sue parole: lui \u00e8 un amico anzi, come si diceva una volta, un compagno. Lavora nell\u2019apparato sindacale; magari sa cose che gli altri, noi, invece\u2026 Come sempre comincio a leggere il quotidiano (Repubblica 12 dicembre) dalle pagine locali. Titolo a piena pagina \u201cDiossina mortadella al bando. Sequestrate sette tonnellate nelle province liguri\u201d. L\u2019assessore regionale alla sanit\u00e0 dichiara \u201cLa situazione in Italia e nella nostra regione \u00e8 completamente sotto controllo. Di questo i cittadini possono stare tranquilli.\u201d Aggiunge che bisogna evitare le psicosi che rischiano di mettere in ginocchio il mercato. Pi\u00f9 o meno le stesse parole pronunciate, dal responsabile dell\u2019Agenzia europea per la sicurezza alimentare: \u201cCarne alla diossina nessun pericolo\u201d (Repubblica 11 dicembre). Sar\u00e0 ma resto perplesso; mi fa piacere che anche Legambiente lo sia: se \u00e8 tutto a posto perch\u00e9 sequestrano la mortadella? So benissimo che c\u2019\u00e8 un sa cco di persone competenti in grado di rassicurarmi. Sono le stesse che scrivono le cose per i politici e che questi ripetono anche se non \u00e8 la parte che toccherebbe a loro. Loro invece dovrebbero spiegare perch\u00e9 nei maiali c\u2019\u00e8 la diossina, perch\u00e9 non se ne erano accorti, che cosa nella macchina della produzione e dei controlli del territorio e di tutto il resto non ha funzionato; insomma perch\u00e9 non hanno visto e sentito e credono di cavarsela invitandoci a scegliere il made in Italy.<br \/>\nIncautamente perch\u00e9 nella stessa pagina compare un altro articolo (\u201cPecore tossiche abbattute\u201d) da dove si capisce che i maiali irlandesi sono in buona compagnia. A Taranto pi\u00f9 di un migliaio di pecore sono appena state abbattute e altre 700 stanno per fare la stessa fine: in discarica, rifiuto di tipo 1 cio\u00e8 rifiuto tossico altamente pericoloso. La decisione era gi\u00e0 stata presa due mesi fa. Perch\u00e9? Semplicissimo: perch\u00e9 sono piene di diossina. A Taranto la diossina ha ucciso e continua a uccidere bestie e cristiani. Imputate le fabbriche, Ilva in testa. Le fabbriche sono l\u2019occupazione e l\u2019occupazione \u00e8 il ricatto. Si potrebbe almeno ridurre le emissioni come proposto dal Consiglio regionale della Puglia ma le aziende resistono, chiedono sconti proprio come il governo italiano fa in Europa.<br \/>\nDomanda all\u2019amico compagno sindacalista: per caso, mortadella a parte, lui sa come stanno le cose qui attorno?<br \/>\n<strong><em>(Manlio Calegari)<\/em><\/strong><\/p>\n","protected":false},"excerpt":{"rendered":"<p>Venerd\u00ec 12, incontro al margine dello sciopero. Lui a me: \u201cSei in pensione?\u201d (In realt\u00e0 lo sa benissimo ma da un po\u2019 non ci si vede) Io: \u201cDa quattr\u2019anni.\u201d Lui: \u201cRicevo il vostro giornalino\u201d. Io taccio anche perch\u00e9 non mi va che chiami la NL giornalino. Lui (che per la cronaca fa il sindacalista) insiste [&hellip;]<\/p>\n","protected":false},"author":1,"featured_media":0,"comment_status":"open","ping_status":"closed","sticky":false,"template":"","format":"standard","meta":{"footnotes":""},"categories":[215,8,10,9],"tags":[],"class_list":["post-1755","post","type-post","status-publish","format-standard","hentry","category-215","category-lavoro","category-politica","category-salute"],"_links":{"self":[{"href":"https:\/\/www.olinews.it\/mt\/index.php?rest_route=\/wp\/v2\/posts\/1755","targetHints":{"allow":["GET"]}}],"collection":[{"href":"https:\/\/www.olinews.it\/mt\/index.php?rest_route=\/wp\/v2\/posts"}],"about":[{"href":"https:\/\/www.olinews.it\/mt\/index.php?rest_route=\/wp\/v2\/types\/post"}],"author":[{"embeddable":true,"href":"https:\/\/www.olinews.it\/mt\/index.php?rest_route=\/wp\/v2\/users\/1"}],"replies":[{"embeddable":true,"href":"https:\/\/www.olinews.it\/mt\/index.php?rest_route=%2Fwp%2Fv2%2Fcomments&post=1755"}],"version-history":[{"count":0,"href":"https:\/\/www.olinews.it\/mt\/index.php?rest_route=\/wp\/v2\/posts\/1755\/revisions"}],"wp:attachment":[{"href":"https:\/\/www.olinews.it\/mt\/index.php?rest_route=%2Fwp%2Fv2%2Fmedia&parent=1755"}],"wp:term":[{"taxonomy":"category","embeddable":true,"href":"https:\/\/www.olinews.it\/mt\/index.php?rest_route=%2Fwp%2Fv2%2Fcategories&post=1755"},{"taxonomy":"post_tag","embeddable":true,"href":"https:\/\/www.olinews.it\/mt\/index.php?rest_route=%2Fwp%2Fv2%2Ftags&post=1755"}],"curies":[{"name":"wp","href":"https:\/\/api.w.org\/{rel}","templated":true}]}}