{"id":1758,"date":"2008-12-24T17:28:04","date_gmt":"2008-12-24T17:28:04","guid":{"rendered":"http:\/\/www.comevedonoidaltonici.com\/wordpress\/?p=1758"},"modified":"2008-12-24T17:28:04","modified_gmt":"2008-12-24T17:28:04","slug":"se-a-%e2%80%9cprendere-l%e2%80%99amianto%e2%80%9d-e-l%e2%80%99ansaldo","status":"publish","type":"post","link":"https:\/\/www.olinews.it\/mt\/?p=1758","title":{"rendered":"Se a \u201cprendere l\u2019amianto\u201d \u00e8 l\u2019Ansaldo"},"content":{"rendered":"<p>Sono un po\u2019 pi\u00f9 vecchio di quegli operai dei cortei dell\u2019amianto nei giorni scorsi. Anche a me l\u2019hanno dato. Mi mancavano pochi mesi ai 35 anni e mi hanno detto \u201cguarda che lo riconoscono anche a quelli delle macchine utensili\u201d; io ero tra quelli e quando mi hanno dato il via mi son dimesso. Alla fine ci ho guadagnato 4 mesi; tutto regolare. Di quelli dei cortei ne conosco parecchi: ci sono andato per salutare, chiedere della famiglia, della salute, le solite cose di cui si parla quando da un po\u2019 non ci si vede. Quasi tutti pensano che alla fine un soluzione si trover\u00e0 ma li avvilisce di fare una figura di merda, passare per ladri.<\/p>\n<p><!--more--><br \/>\nTutti quelli con cui ho parlato sono convinti che se non fossero stati a lavorare nelle grandi aziende, in particolare da Ansaldo ma non solo, il premio dell\u2019anticipazione della pensione se lo potevano scordare. Intanto perch\u00e9 gi\u00e0 in una azienda di quelle dimensioni e con quella organizzazione \u00e8 risultato difficilissimo ric ostruire il curriculum di ognuno \u2013 dove e quanto avevi lavorato in quel reparto o in quell\u2019altro, che lavorazioni c\u2019erano mentre c\u2019eri tu e via discorrendo &#8211; poi perch\u00e9 se in quel posto l\u2019amianto c\u2019era o non c\u2019era \u00e8 stato oggetto di discussioni e di cambiamenti di opinione nel corso del tempo. Basterebbero queste difficolt\u00e0 per scoraggiare chiunque e se cos\u00ec non \u00e8 stato vuol dire che dalla parte dell\u2019azienda c\u2019era un atteggiamento costruttivo. Del resto non \u00e8 un segreto che l\u2019amianto \u00e8 servito all\u2019Ansaldo per togliersi un po\u2019 di lavoratori o, se restavano, di non dovergli pagare pi\u00f9 i contributi. Ma la cosa che non si vuol dire \u00e8 che sono stati sindacati e patronati vari a cercare i singoli lavoratori e dirgli che avevano la possibilit\u00e0 di anticipare di due o tre anni la pensione. O, viceversa, se erano i lavoratori che si facevano sotto (\u201cper me\u201d o \u201cper quelli del mio reparto non c\u2019\u00e8 niente?\u201d) la domanda era accettata senza scandalo. Vuol dire che l\u2019azienda era d\u2019accordo, vi pare? Ho letto che qualcuno ha anche pagato: se cos\u00ec fosse non mi piacerebbe ma neppure questo mi stupisce pi\u00f9 di tanto. Gente che \u00e8 andata a lavorare a 15, 16 anni la fabbrica la odia, non la sopporta. Non vorrei metterla troppo in politica ma proviamo a farci una domanda: c\u2019\u00e8 qualcuno oggi \u2013 a parte quelli che mandano le magliette in Africa &#8211; che non pensa per s\u00e9? Qual \u00e8 il messaggio che arriva dalla politica, anche quella normale e non degli scandali? Alla Moltini l\u2019amianto c\u2019era e probabilmente sarebbe facile vedere se c\u2019\u00e8 ancora, il loro guaio e che non erano Ansaldo. Lo stesso guaio che \u00e8 toccato e ancora tocca a quelli di Trieste e Monfalcone dove l\u2019amianto ha fatto vittime a centinaia e continua a uccidere ma l\u00ec Fincantieri non molla, ha ostacolato indagini, negato documenti e forse cancellato prove.<br \/>\nAnni di lotte per arrivare a una legge appena decente e subito aziende pronte a usarla per mettere a posto i propri conti. Hanno sbagliato i lavoratori a stare al gioco ma, vi domando, qualcuno che conta, tra partiti e sindacati, si \u00e8 smarcato? Ha proposto un altro gioco? La questione \u00e8 tutta qui.<br \/>\n<strong><em>(Lettera firmata) <\/em><\/strong><\/p>\n","protected":false},"excerpt":{"rendered":"<p>Sono un po\u2019 pi\u00f9 vecchio di quegli operai dei cortei dell\u2019amianto nei giorni scorsi. Anche a me l\u2019hanno dato. Mi mancavano pochi mesi ai 35 anni e mi hanno detto \u201cguarda che lo riconoscono anche a quelli delle macchine utensili\u201d; io ero tra quelli e quando mi hanno dato il via mi son dimesso. Alla [&hellip;]<\/p>\n","protected":false},"author":1,"featured_media":0,"comment_status":"open","ping_status":"closed","sticky":false,"template":"","format":"standard","meta":{"footnotes":""},"categories":[216,8,160,9],"tags":[],"class_list":["post-1758","post","type-post","status-publish","format-standard","hentry","category-216","category-lavoro","category-lettere","category-salute"],"_links":{"self":[{"href":"https:\/\/www.olinews.it\/mt\/index.php?rest_route=\/wp\/v2\/posts\/1758","targetHints":{"allow":["GET"]}}],"collection":[{"href":"https:\/\/www.olinews.it\/mt\/index.php?rest_route=\/wp\/v2\/posts"}],"about":[{"href":"https:\/\/www.olinews.it\/mt\/index.php?rest_route=\/wp\/v2\/types\/post"}],"author":[{"embeddable":true,"href":"https:\/\/www.olinews.it\/mt\/index.php?rest_route=\/wp\/v2\/users\/1"}],"replies":[{"embeddable":true,"href":"https:\/\/www.olinews.it\/mt\/index.php?rest_route=%2Fwp%2Fv2%2Fcomments&post=1758"}],"version-history":[{"count":0,"href":"https:\/\/www.olinews.it\/mt\/index.php?rest_route=\/wp\/v2\/posts\/1758\/revisions"}],"wp:attachment":[{"href":"https:\/\/www.olinews.it\/mt\/index.php?rest_route=%2Fwp%2Fv2%2Fmedia&parent=1758"}],"wp:term":[{"taxonomy":"category","embeddable":true,"href":"https:\/\/www.olinews.it\/mt\/index.php?rest_route=%2Fwp%2Fv2%2Fcategories&post=1758"},{"taxonomy":"post_tag","embeddable":true,"href":"https:\/\/www.olinews.it\/mt\/index.php?rest_route=%2Fwp%2Fv2%2Ftags&post=1758"}],"curies":[{"name":"wp","href":"https:\/\/api.w.org\/{rel}","templated":true}]}}