{"id":1762,"date":"2008-12-24T17:43:25","date_gmt":"2008-12-24T17:43:25","guid":{"rendered":"http:\/\/www.comevedonoidaltonici.com\/wordpress\/?p=1762"},"modified":"2008-12-24T17:43:25","modified_gmt":"2008-12-24T17:43:25","slug":"diritti-civili-la-chiesa-distratta","status":"publish","type":"post","link":"https:\/\/www.olinews.it\/mt\/?p=1762","title":{"rendered":"Diritti civili &#8211; La Chiesa distratta"},"content":{"rendered":"<p>Non c\u2019\u00e8 dubbio che l\u2019ultima esternazione dell\u2019on. Fini sulle responsabilit\u00e0 della Chiesa di fronte alle leggi razziali del 1938 sia una delle tante pedine strumentali che il parlamentare semina da tempo sul suo percorso allo scopo di procurarsi una credibile cintura di castit\u00e0. Questa volta ha osato di pi\u00f9: attaccare una istituzione che al suo principale porta consenso. Quello che sorprende per\u00f2 sono le motivazioni della difesa che prontamente ha fatto scudo: la Chiesa ha salvato migliaia di ebrei dando loro ospitalit\u00e0, facendoli espatriare ecc. Il predecessore di pio XII, Papa Ratti, \u00e8 stato durissimo col Fascismo ecc. Sono cose che chiunque un po\u2019 al corrente della nostra storia recente conosce, ma devianti rispetto al problema sollevato da Fini.<\/p>\n<p><!--more--><br \/>\nLe ragioni del contendere stanno nel silenzio ufficiale della Chiesa sull\u2019aberrazione delle leggi razziali, nel senso che non ci fu una condanna, con tanto di scomunica, come accadde per il Comunismo ann i dopo. Ora &#8211; se il silenzio di Pio XII nei confronti di Hitler e del suo programma di sterminio \u00e8 stato spiegato con una logica storica credibile o no, sulla quale \u00e8 difficile giudicare perch\u00e9 nessuno sa come sarebbe andata a finire se il pronunciamento ci fosse stato &#8211; sulla mancata condanna della nefasta opera del Fascismo quando eman\u00f2 le leggi razziali non si pu\u00f2 tacere. Le leggi del \u201838 non erano un attentato ai diritti civili e alla vita di migliaia di famiglie, la premessa alla soluzione finale arrivata da l\u00ec a non molti anni? Stupisce che la Chiesa, tanto sensibile ai valori etici, sempre pronta a salire sulle barricate per difendere la vita in tutte le sue forme, dal concepimento alla morte e della famiglia tradizionalmente intesa, taccia di fronte ad aberrazioni della storia che vanno nella direzione esattamente uguale. Guardando all\u2019oggi, la famiglia italiana, specialmente con i tempi che verranno, non \u00e8 costantemente minacciata dall\u2019usura? Anche in questo caso la Chiesa si mobilita con interventi a sostegno di chi viene taglieggiato dagli usurai, ma una voce di condanna, diciamo pure di \u201cscomunica\u201d (parola che piace poco, ma \u00e8 stata ampiamente usata in tempi storici per meno\u2026) non si \u00e8 ancora fatta sentire. Alberto Saviano in &#8220;Gomorra&#8221; cita il caso di don Peppino Diana, mandato a governare la parrocchia di Casal di Principe. Il giovane sacerdote non si arrese di fronte alla camorra e alla malavita locale, non tacque, condann\u00f2, neg\u00f2 i funerali religiosi a mafiosi notoriamente conosciuti, imped\u00ec che gli stessi fossero chiamati a fare i padrini di battesimo, limit\u00f2 lo sfarzo in chiesa alle nozze di sospetti taglieggiatori. \u201cDon Peppino, scrive Saviano, scav\u00f2 un percorso nella crosta della parola, erose dalle cave della sintassi quella potenza che la parola pubblica, pronunciata chiaramente, poteva ancora concedere.\u201d (pag. 244). Ci rimise la vita, ma chi ha mai detto che i cristiani devono sopravvivere a tutti i conti alle persecuzioni?<br \/>\n<strong><em>(Giovanni Meriana) <\/em><\/strong><\/p>\n","protected":false},"excerpt":{"rendered":"<p>Non c\u2019\u00e8 dubbio che l\u2019ultima esternazione dell\u2019on. Fini sulle responsabilit\u00e0 della Chiesa di fronte alle leggi razziali del 1938 sia una delle tante pedine strumentali che il parlamentare semina da tempo sul suo percorso allo scopo di procurarsi una credibile cintura di castit\u00e0. Questa volta ha osato di pi\u00f9: attaccare una istituzione che al suo [&hellip;]<\/p>\n","protected":false},"author":1,"featured_media":0,"comment_status":"open","ping_status":"closed","sticky":false,"template":"","format":"standard","meta":{"footnotes":""},"categories":[216,11],"tags":[],"class_list":["post-1762","post","type-post","status-publish","format-standard","hentry","category-216","category-diritti-umani"],"_links":{"self":[{"href":"https:\/\/www.olinews.it\/mt\/index.php?rest_route=\/wp\/v2\/posts\/1762","targetHints":{"allow":["GET"]}}],"collection":[{"href":"https:\/\/www.olinews.it\/mt\/index.php?rest_route=\/wp\/v2\/posts"}],"about":[{"href":"https:\/\/www.olinews.it\/mt\/index.php?rest_route=\/wp\/v2\/types\/post"}],"author":[{"embeddable":true,"href":"https:\/\/www.olinews.it\/mt\/index.php?rest_route=\/wp\/v2\/users\/1"}],"replies":[{"embeddable":true,"href":"https:\/\/www.olinews.it\/mt\/index.php?rest_route=%2Fwp%2Fv2%2Fcomments&post=1762"}],"version-history":[{"count":0,"href":"https:\/\/www.olinews.it\/mt\/index.php?rest_route=\/wp\/v2\/posts\/1762\/revisions"}],"wp:attachment":[{"href":"https:\/\/www.olinews.it\/mt\/index.php?rest_route=%2Fwp%2Fv2%2Fmedia&parent=1762"}],"wp:term":[{"taxonomy":"category","embeddable":true,"href":"https:\/\/www.olinews.it\/mt\/index.php?rest_route=%2Fwp%2Fv2%2Fcategories&post=1762"},{"taxonomy":"post_tag","embeddable":true,"href":"https:\/\/www.olinews.it\/mt\/index.php?rest_route=%2Fwp%2Fv2%2Ftags&post=1762"}],"curies":[{"name":"wp","href":"https:\/\/api.w.org\/{rel}","templated":true}]}}