{"id":1767,"date":"2008-12-24T17:51:38","date_gmt":"2008-12-24T17:51:38","guid":{"rendered":"http:\/\/www.comevedonoidaltonici.com\/wordpress\/?p=1767"},"modified":"2008-12-24T17:51:38","modified_gmt":"2008-12-24T17:51:38","slug":"il-natale-dei-diritti","status":"publish","type":"post","link":"https:\/\/www.olinews.it\/mt\/?p=1767","title":{"rendered":"Il Natale dei diritti"},"content":{"rendered":"<p>Beh, \u00e8 un bel pensiero quello del sindaco Vincenzi chiamare Jovanotti a festeggiare la fine del 2008 a Genova. Ha detto che si tratta di una scelta chiara da un punto di vista politico. Il cantante \u2013 che, banalizzando, \u00e8 la versione italiana di Manu Chao &#8211; \u00e8 diventato col tempo e con il successo un guru positivo per le nuove generazioni. Quello che fa, lo fa bene: \u00e8 una garanzia. Almeno si spera.<\/p>\n<p><!--more--><br \/>\nPer espressione del primo cittadino il Capodanno in questo modo vuole essere una festa pi\u00f9 bella, carica di significati, e di speranze per il futuro. L\u2019anniversario della Dichiarazione universale dei Diritti dell\u2019uomo rende tutto pi\u00f9 semplice, ampliando la portata del momento: speriamo che le buone intenzioni, espresse anche da Nando Della Chiesa, trovino soprattutto un seguito. Ma Jovanotti non \u00e8 ancora l\u2019arcangelo Gabriele e nulla \u201cpuote\u201d pi\u00f9 di tanto sul corso delle cose locali. Se per grazia ricevuta fosse dotato di poteri celesti a lui chiederei per Genova almeno tre doni. La realizzazione di quei diritti che sembrano essere pi\u00f9 impellenti.<br \/>\nPartirei dal \u201cdiritto alla manutenzione\u201d che per il cittadino vuol dire moltissimo per il suo ben essere, per non sentirsi preso in giro, perch\u00e9 soprattutto paga. Non ci sono pi\u00f9 un parco, giardino, aiuola facilmente fruibili; le crose che erano la ricchezza nostra stanno drammaticamente invecchiando cos\u00ec quando piove le strade sono sempre allagate, spesso le lastre di granito spezzate e le pietre nascondono trabocchetti pieni d\u2019acqua. Alcune difficolt\u00e0 dell\u2019andare a piedi senza parlare di quelle enormi del traffico veicolare o dei catastrofici servizi pubblici.<br \/>\nCome secondo dono gradirei l\u2019affermazione assoluta del diritto alla legalit\u00e0 anche se, dobbiamo dircelo, a questo punto, si tratta di un diritto ormai minoritario. \u201cMai pi\u00f9 seconde file\u201d: a Marassi, a Quezzi, a San Fruttuoso, in Corso Europa si \u201cslalomeggia\u201d tra impudenti &#8211; parcheggianti &#8211; lampeggianti ad ogni ora del giorno e della sera. Qualunque sosta \u00e8 lecita&#8230;per qualche minuto, ora, giorno, mese&#8230;ci si abitua alla sosta in divieto e poi un bel d\u00ec si viene puniti tutti assieme: \u00e8 una nuova strategia dissuasiva o la mancanza totale di una strategia di educazione stradale?<br \/>\nDiritto alla legalit\u00e0 \u00e8 soprattutto fare cessare gli accoltellamenti, non si pu\u00f2 accettare che degli adolescenti ci rimettano la vita per questioni di onore. Ci vuole pi\u00f9 attenzione, pi\u00f9 sensibilit\u00e0, pi\u00f9 opportunit\u00e0 di quelle offerte da una discoteca.<br \/>\nInfine, al posto della mirra, chiederei il diritto alla cultura, all\u2019informazione, alla diversit\u00e0, alla valorizzazione delle potenzialit\u00e0 che la citt\u00e0 esprime, augurandomi una crescita culturale generalizzata, frutto dell\u2019incontro tra le generazioni e dello svecchiamento del sistema di relazioni e degli apparati. Una pi\u00f9 arruffata creativit\u00e0 autenticamente innovativa che sappia utilizzare meglio storia e tradizione, economia e porto, traffici e comunicazioni. Insomma una citt\u00e0 come le altre, non la vecchia cara squallida fiera del libro di Galleria Mazzini.<br \/>\nJovanotti &#8211; e non solo lui mi sa &#8211; si dovranno ben \u201cdisbelinare\u201d nel 2009 se ci vogliono far contenti.<br \/>\n<strong><em>(Elio Rosati) <\/em><\/strong><\/p>\n","protected":false},"excerpt":{"rendered":"<p>Beh, \u00e8 un bel pensiero quello del sindaco Vincenzi chiamare Jovanotti a festeggiare la fine del 2008 a Genova. Ha detto che si tratta di una scelta chiara da un punto di vista politico. Il cantante \u2013 che, banalizzando, \u00e8 la versione italiana di Manu Chao &#8211; \u00e8 diventato col tempo e con il successo [&hellip;]<\/p>\n","protected":false},"author":1,"featured_media":0,"comment_status":"open","ping_status":"closed","sticky":false,"template":"","format":"standard","meta":{"footnotes":""},"categories":[216,20,10],"tags":[],"class_list":["post-1767","post","type-post","status-publish","format-standard","hentry","category-216","category-citta","category-politica"],"_links":{"self":[{"href":"https:\/\/www.olinews.it\/mt\/index.php?rest_route=\/wp\/v2\/posts\/1767","targetHints":{"allow":["GET"]}}],"collection":[{"href":"https:\/\/www.olinews.it\/mt\/index.php?rest_route=\/wp\/v2\/posts"}],"about":[{"href":"https:\/\/www.olinews.it\/mt\/index.php?rest_route=\/wp\/v2\/types\/post"}],"author":[{"embeddable":true,"href":"https:\/\/www.olinews.it\/mt\/index.php?rest_route=\/wp\/v2\/users\/1"}],"replies":[{"embeddable":true,"href":"https:\/\/www.olinews.it\/mt\/index.php?rest_route=%2Fwp%2Fv2%2Fcomments&post=1767"}],"version-history":[{"count":0,"href":"https:\/\/www.olinews.it\/mt\/index.php?rest_route=\/wp\/v2\/posts\/1767\/revisions"}],"wp:attachment":[{"href":"https:\/\/www.olinews.it\/mt\/index.php?rest_route=%2Fwp%2Fv2%2Fmedia&parent=1767"}],"wp:term":[{"taxonomy":"category","embeddable":true,"href":"https:\/\/www.olinews.it\/mt\/index.php?rest_route=%2Fwp%2Fv2%2Fcategories&post=1767"},{"taxonomy":"post_tag","embeddable":true,"href":"https:\/\/www.olinews.it\/mt\/index.php?rest_route=%2Fwp%2Fv2%2Ftags&post=1767"}],"curies":[{"name":"wp","href":"https:\/\/api.w.org\/{rel}","templated":true}]}}