{"id":1769,"date":"2009-01-14T09:10:17","date_gmt":"2009-01-14T09:10:17","guid":{"rendered":"http:\/\/www.comevedonoidaltonici.com\/wordpress\/?p=1769"},"modified":"2009-01-14T09:10:17","modified_gmt":"2009-01-14T09:10:17","slug":"befana-caramellosa-e-anche-smemorata","status":"publish","type":"post","link":"https:\/\/www.olinews.it\/mt\/?p=1769","title":{"rendered":"Befana caramellosa e anche smemorata"},"content":{"rendered":"<p><img loading=\"lazy\" decoding=\"async\" src=\"http:\/\/www.olinews.it\/mt\/images\/cittas.jpg\" alt=\"\" width=\"150\" height=\"154\" align=\"left\" hspace=\"5\">Ma che Befana caramellosa per Legambiente 2009!<br \/>\nQuest&#8217;anno ai nostri politici locali poco carbone e tanti dolcetti, da sottolineare fra i pi\u00f9 significativi quelli alla Regione che, bont\u00e0 sua, ha finalmente creato il Parco delle Alpi Liguri, al Comune per la raccolta differenziata porta a porta in amplissima area cittadina, Sestri Ponente, ma che ancora non ha spiegato dove poi finiranno i rifiuti. Bonbons anche alla Provincia che ha creato addirittura l&#8217;ufficio per i diritti degli animali, ma, ahim\u00e9. ha ricevuto carbone per aver autorizzato i PUC di Recco e Arenzano.<\/p>\n<p><!--more--><br \/>\nBefana smemorata. E gli indirizzi del nuovo PUC di Genova? Disquisizioni cos\u00ec dotte dall&#8217;architetto imperiese ambientalista per salutare i tanto attesi Orientamenti, critiche aspre ai 17 progetti di social housing, eppoi Befana che dimentica che nei nuovi Indirizzi manca la modifica al \u201ctrasferimento di volumi\u201c. Colpita forse dai continui lamenti dell&#8217;Ance: non si lavora pi\u00f9, opere ferme, crisi nera del settore. E se si dirottassero a fare case accessibili anche ai giovani o alle coppie che vogliono mettere su famiglia, per esempio? Nel Levante della citt\u00e0 incombono megaprogetti, da via Puggia, in discussione la prossima settimana in Municipio, alla rimessa Amt, all&#8217;uliveto di Quarto, il nuovo Lido, l&#8217;ex ospedale psichiatrico, via Liri: niente che non sia di lusso. Su cui ancor pi\u00f9 degli ambientalisti protestano i cittadini. E non si tratta di essere aprioristicamente contro, come pensa il capogruppo del PD in Comune che definisce \u201cambientalisti immobilisti\u201d tutti coloro che si oppongono alla supposta riqualificazione di residenze e della sosta.<br \/>\nBen vengano i parcheggi tanto per dire: ma come mai solo a Levante? Scopriamo da un&#8217;indagine sulla mobilit\u00e0 sostenibile in Italia (Repubblica, 6 gennaio \u201809) che Genova \u00e8 la citt\u00e0 con la minor densit\u00e0 di auto per abitante. Saranno tutte a Levante, poich\u00e9 si stanno progettando un migliaio di nuovi box fra Piscine, Lido e Boccadasse. Viste le macchine sui marciapiedi, gli innumerevoli box fatti qui serviranno per conservare il vino o l&#8217;Appia di famiglia.<br \/>\nGrande soddisfazione, ed unica pare, per l\u2019esponente di Legambiente: il park dell&#8217;Acquasola. Loda il Comune che ha rinunciato a ricorrere contro la sentenza del Tar (ma qualcuno gi\u00e0 si chiede che cosa riceveranno in cambio i committenti), tira le orecchie perch\u00e8 non si migliorano le infrastrutture (per\u00f2 sostiene l&#8217;Opzione Zero per la Gronda).<br \/>\nLegambiente distribuisce ancora carbone alla Regione dove l&#8217; ex sindaco-assessore regionale, tifava per il banana-grattacielo di Fucksas, progetto respinto soprattutto per l&#8217;opposizione di molti savonesi: dopo un libro come \u201cIl partito del cemento\u201d meglio ricordarsi che si avvicinano le elezioni.<br \/>\nLegambiente critica il cemento eccessivo dei porticcioli ma non fa parola dell&#8217;ipotesi Lido con appartamenti sugli scogli. Forse dovremo aspettare il progetto, come per Boccadasse, a giochi fatti. Intanto il porto di Sanremo \u00e8 stato ampliato, cos\u00ec Varazze, S.Lorenzo al Mare e ad Imperia sono in dirittura d&#8217;arrivo 2500 posti-barca. In progettazione altri porticcioli a Ventimiglia, Pietra Ligure\u2026 A Lerici poi solo una sollevazione popolare ha bloccato la trasformazione in residence di cabine da rotonda sul mare.<br \/>\nPer tutto questo dagli ambientalisti proteste tiepidine, come si dice, lontano dagli occhi, lontano dal cuore e&#8230; dai media. Meglio travestirsi da Befana, foto e titoli assicurati.<br \/>\n<strong><em>(Bianca Vergati) <\/em><\/strong><\/p>\n","protected":false},"excerpt":{"rendered":"<p>Ma che Befana caramellosa per Legambiente 2009! Quest&#8217;anno ai nostri politici locali poco carbone e tanti dolcetti, da sottolineare fra i pi\u00f9 significativi quelli alla Regione che, bont\u00e0 sua, ha finalmente creato il Parco delle Alpi Liguri, al Comune per la raccolta differenziata porta a porta in amplissima area cittadina, Sestri Ponente, ma che ancora [&hellip;]<\/p>\n","protected":false},"author":1,"featured_media":0,"comment_status":"open","ping_status":"closed","sticky":false,"template":"","format":"standard","meta":{"footnotes":""},"categories":[217,22,20,160,10],"tags":[],"class_list":["post-1769","post","type-post","status-publish","format-standard","hentry","category-217","category-ambiente","category-citta","category-lettere","category-politica"],"_links":{"self":[{"href":"https:\/\/www.olinews.it\/mt\/index.php?rest_route=\/wp\/v2\/posts\/1769","targetHints":{"allow":["GET"]}}],"collection":[{"href":"https:\/\/www.olinews.it\/mt\/index.php?rest_route=\/wp\/v2\/posts"}],"about":[{"href":"https:\/\/www.olinews.it\/mt\/index.php?rest_route=\/wp\/v2\/types\/post"}],"author":[{"embeddable":true,"href":"https:\/\/www.olinews.it\/mt\/index.php?rest_route=\/wp\/v2\/users\/1"}],"replies":[{"embeddable":true,"href":"https:\/\/www.olinews.it\/mt\/index.php?rest_route=%2Fwp%2Fv2%2Fcomments&post=1769"}],"version-history":[{"count":0,"href":"https:\/\/www.olinews.it\/mt\/index.php?rest_route=\/wp\/v2\/posts\/1769\/revisions"}],"wp:attachment":[{"href":"https:\/\/www.olinews.it\/mt\/index.php?rest_route=%2Fwp%2Fv2%2Fmedia&parent=1769"}],"wp:term":[{"taxonomy":"category","embeddable":true,"href":"https:\/\/www.olinews.it\/mt\/index.php?rest_route=%2Fwp%2Fv2%2Fcategories&post=1769"},{"taxonomy":"post_tag","embeddable":true,"href":"https:\/\/www.olinews.it\/mt\/index.php?rest_route=%2Fwp%2Fv2%2Ftags&post=1769"}],"curies":[{"name":"wp","href":"https:\/\/api.w.org\/{rel}","templated":true}]}}