{"id":1773,"date":"2009-01-14T09:20:44","date_gmt":"2009-01-14T09:20:44","guid":{"rendered":"http:\/\/www.comevedonoidaltonici.com\/wordpress\/?p=1773"},"modified":"2009-01-14T09:20:44","modified_gmt":"2009-01-14T09:20:44","slug":"taranto-%e2%80%9cil-bello-e-il-brutto%e2%80%9d-%e2%80%a6-e-il-cattivo","status":"publish","type":"post","link":"https:\/\/www.olinews.it\/mt\/?p=1773","title":{"rendered":"Taranto &#8211; \u201cIl bello e il brutto\u201d \u2026 e il cattivo"},"content":{"rendered":"<p><img loading=\"lazy\" decoding=\"async\" src=\"http:\/\/www.olinews.it\/mt\/images\/camini2.jpg\" alt=\"\" width=\"250\" height=\"188\" align=\"left\" hspace=\"5\"><B><strong>Taranto<\/strong><\/B>, 11 novembre 2008. La foto qui accanto, \u201cIl cancro della mia citt\u00e0\u201d, \u00e8 la vincitrice di una delle due sezioni del concorso fotografico \u201cIl Bello e il Brutto\u201d. Eleonora Borsci, l\u2019autrice, cos\u00ec la presenta: \u201cDomenica 3 agosto 2008, verso le 19.30, un&#8217;immensa nube di fumo nero si \u00e8 riversata nel cielo tarantino dall&#8217;Ilva. Complice la mancanza totale di vento, il fumo nero come la pece si \u00e8 ben distribuito su tutta la citt\u00e0, dall&#8217;isola della citt\u00e0 vecchia fino a S. Vito. Perch\u00e8 dobbiamo subire uno scempio del genere? Quando raderanno al suolo questo mostro? Quando smetteranno di morire le persone dei Tamburi?\u201d. Nessun premio, ma la soddisfazione di vedere scelta la propria foto tra oltre 400 scattate anche da turisti italiani e stranieri. Tutte pubblicate sul <a href=\"http:\/\/www.viaggiareinpuglia.it\/notizia\/565\/it\">Portale del turismo pugliese<\/a>, perch\u00e9 il concorso \u00e8 stato promosso dall\u2019assessorato al Turismo della Regione. Un piccolo ma apprezzabile contributo istituzionale alla costruzione di un\u2019immagine non fittizia del territorio. Possibile anche perch\u00e9 ad essa concorre una ampia rete di iniziative politiche, culturali e artistiche veicolate spesso su internet (siti, blog, forum, youtube, facebook).<\/p>\n<p><!--more--><br \/>\nEsemplare il caso della diossina raccontato sul sito di &#8220;<a href=\"http:\/\/www.tarantosociale.org\">Taranto sociale<\/a>&#8220;: un membro dell\u2019associazione, preoccupato da notizie circa greggi che pascolavano nelle aree vicine alla zona industriale di Taranto, fece analizzare un formaggio che si procurava direttamente da un produttore locale. I risultati dell\u2019analisi mostrarono una presenza di diossine che superavano largamente i limiti di legge, quindi l\u2019ovvia denuncia alla Procura della Repubblica. Il resto \u00e8 cronaca delle ultime settimane: 1700 pecore abbattute,  la rovina di varie masserie circondanti la zona industriale, la triste conferma che Taranto \u00e8 la citt\u00e0 pi\u00f9 inquinata di Italia. \u201cLa diossina viene in buona parte dai camini dell&#8217;Ilva\u201d, lo dice l\u2019Arpa, l\u2019Agenzia regionale per la protezione ambientale. Il suo <a href=\"http:\/\/www.arpa.puglia.it\/include\/default.asp?conta=Si\">sito<\/a> \u00e8 al servizio del cittadino. Chi vi accede non rimpiange il modo in cui l\u2019Arpa, svolgendo il suo lavoro istituzionale, spende i soldi pubblici.<br \/>\nIl 16 dicembre il consiglio regionale della Puglia ha approvato, con il voto di tre consiglieri del centrodestra, un disegno di legge che adotta il limite europeo per l\u2019emissione di diossine fissato dal Protocollo di Aarhus. Un limite ampiamente superato dalle emissioni dell\u2019Ilva (ben 27 volte!) che rientrano invece nei limiti consentiti dalla normativa nazionale vigente (vedi <a href=\"http:\/\/www.peacelink.it\/editoriale\/a\/28074.html\">lettera<\/a> del presidente di PeaceLink, Alessandro Marescotti, al Ministro dell\u2019Ambiente). Qualcuno ha scritto \u201cCambia la storia d\u2019Italia\u201d. Pi\u00f9 probabile che sia l\u2019inizio di uno scontro istituzionale con il governo Berlusconi.<br \/>\nDi questo \u201claboratorio pugliese\u201d gi\u00e0 il 13 novembre 2008, <I>La Gazzetta del Mezzogiorno<\/I> anticipava alcuni risultati: \u201cDalle canzoni di Caparezza alle leggi di Nichi Vendola. La diossina dell\u2019Ilva suscita clamore e mobilita artisti e politici\u201d. E fa notare come a dare conto dei nefasti effetti della diossina abbia contribuito, oltre gli studi sull&#8217;ambiente, il testo di Caparezza \u00abVieni a ballare in Puglia\u00bb. Una canzone appassionata e un omaggio alla verit\u00e0: precisamente ci\u00f2 di cui la politica ha bisogno (Vedi il <a href=\"http:\/\/www.youtube.com\/watch?v=2S1f5ddBmsA\">video<\/a>).<br \/>\n<strong><em>(Oscar Itzcovich)<\/em><\/strong><\/p>\n","protected":false},"excerpt":{"rendered":"<p>Taranto, 11 novembre 2008. La foto qui accanto, \u201cIl cancro della mia citt\u00e0\u201d, \u00e8 la vincitrice di una delle due sezioni del concorso fotografico \u201cIl Bello e il Brutto\u201d. Eleonora Borsci, l\u2019autrice, cos\u00ec la presenta: \u201cDomenica 3 agosto 2008, verso le 19.30, un&#8217;immensa nube di fumo nero si \u00e8 riversata nel cielo tarantino dall&#8217;Ilva. Complice [&hellip;]<\/p>\n","protected":false},"author":1,"featured_media":0,"comment_status":"open","ping_status":"closed","sticky":false,"template":"","format":"standard","meta":{"footnotes":""},"categories":[217,22,20,16],"tags":[],"class_list":["post-1773","post","type-post","status-publish","format-standard","hentry","category-217","category-ambiente","category-citta","category-cultura"],"_links":{"self":[{"href":"https:\/\/www.olinews.it\/mt\/index.php?rest_route=\/wp\/v2\/posts\/1773","targetHints":{"allow":["GET"]}}],"collection":[{"href":"https:\/\/www.olinews.it\/mt\/index.php?rest_route=\/wp\/v2\/posts"}],"about":[{"href":"https:\/\/www.olinews.it\/mt\/index.php?rest_route=\/wp\/v2\/types\/post"}],"author":[{"embeddable":true,"href":"https:\/\/www.olinews.it\/mt\/index.php?rest_route=\/wp\/v2\/users\/1"}],"replies":[{"embeddable":true,"href":"https:\/\/www.olinews.it\/mt\/index.php?rest_route=%2Fwp%2Fv2%2Fcomments&post=1773"}],"version-history":[{"count":0,"href":"https:\/\/www.olinews.it\/mt\/index.php?rest_route=\/wp\/v2\/posts\/1773\/revisions"}],"wp:attachment":[{"href":"https:\/\/www.olinews.it\/mt\/index.php?rest_route=%2Fwp%2Fv2%2Fmedia&parent=1773"}],"wp:term":[{"taxonomy":"category","embeddable":true,"href":"https:\/\/www.olinews.it\/mt\/index.php?rest_route=%2Fwp%2Fv2%2Fcategories&post=1773"},{"taxonomy":"post_tag","embeddable":true,"href":"https:\/\/www.olinews.it\/mt\/index.php?rest_route=%2Fwp%2Fv2%2Ftags&post=1773"}],"curies":[{"name":"wp","href":"https:\/\/api.w.org\/{rel}","templated":true}]}}