{"id":1774,"date":"2009-01-14T09:25:17","date_gmt":"2009-01-14T09:25:17","guid":{"rendered":"http:\/\/www.comevedonoidaltonici.com\/wordpress\/?p=1774"},"modified":"2009-01-14T09:25:17","modified_gmt":"2009-01-14T09:25:17","slug":"don-prospero-moschea-neppure-nel-presepe","status":"publish","type":"post","link":"https:\/\/www.olinews.it\/mt\/?p=1774","title":{"rendered":"don Prospero &#8211; Moschea? Neppure nel presepe"},"content":{"rendered":"<p>Sulla moschea nel presepe di don Prospero si sono espresse in questi giorni le pi\u00f9 disparate opinioni. Non sono mancati quelli che non comprendendo niente di quel gesto, del quale \u00e8 gi\u00e0 stato spiegato il senso dall\u2019interessato, si sono affrettati a scrivere che l\u2019anno della fuga di Maometto (Egira) \u00e8 il 622 d.C e perci\u00f2 di moschee al momento della nascita di Ges\u00f9 non c\u2019era neppure il seme. Un falso storico, dunque. Altri, quelli che hanno paura dei diversi e tentano di diffonderla in tutti i modi nel mondo in cui vivono, hanno minacciato il finimondo. Di fronte a questo fantaterrorismo che cosa ha fatto la Curia? Invece che difendere una scelta coraggiosa e \u201cdiversa\u201d, ha consigliato il sacerdote di togliere la moschea dal presepe. Cos\u00ec a Genova, vista l\u2019esultanza di leghisti, fascisti, intolleranti e integralisti cattolici, il gesto della Curia sar\u00e0 frainteso e passer\u00e0 pi\u00f9 facilmente l\u2019idea che una moschea \u00e8 inopportuna non solo nel presepe, ma anche nella citt\u00e0. Si affretti Marta Vincenzi a promuoverla, altrimenti si trover\u00e0 le mani legate da un referendum obbligatorio per legge che priver\u00e0 per sempre i fratelli musulmani (questo intendeva don Prospero) di un luogo di preghiera, come Costituzione prevede.<br \/>\n<strong><em>(Giovanni Meriana) <\/em><\/strong><\/p>\n","protected":false},"excerpt":{"rendered":"<p>Sulla moschea nel presepe di don Prospero si sono espresse in questi giorni le pi\u00f9 disparate opinioni. Non sono mancati quelli che non comprendendo niente di quel gesto, del quale \u00e8 gi\u00e0 stato spiegato il senso dall\u2019interessato, si sono affrettati a scrivere che l\u2019anno della fuga di Maometto (Egira) \u00e8 il 622 d.C e perci\u00f2 [&hellip;]<\/p>\n","protected":false},"author":1,"featured_media":0,"comment_status":"open","ping_status":"closed","sticky":false,"template":"","format":"standard","meta":{"footnotes":""},"categories":[217,20,16,10],"tags":[],"class_list":["post-1774","post","type-post","status-publish","format-standard","hentry","category-217","category-citta","category-cultura","category-politica"],"_links":{"self":[{"href":"https:\/\/www.olinews.it\/mt\/index.php?rest_route=\/wp\/v2\/posts\/1774","targetHints":{"allow":["GET"]}}],"collection":[{"href":"https:\/\/www.olinews.it\/mt\/index.php?rest_route=\/wp\/v2\/posts"}],"about":[{"href":"https:\/\/www.olinews.it\/mt\/index.php?rest_route=\/wp\/v2\/types\/post"}],"author":[{"embeddable":true,"href":"https:\/\/www.olinews.it\/mt\/index.php?rest_route=\/wp\/v2\/users\/1"}],"replies":[{"embeddable":true,"href":"https:\/\/www.olinews.it\/mt\/index.php?rest_route=%2Fwp%2Fv2%2Fcomments&post=1774"}],"version-history":[{"count":0,"href":"https:\/\/www.olinews.it\/mt\/index.php?rest_route=\/wp\/v2\/posts\/1774\/revisions"}],"wp:attachment":[{"href":"https:\/\/www.olinews.it\/mt\/index.php?rest_route=%2Fwp%2Fv2%2Fmedia&parent=1774"}],"wp:term":[{"taxonomy":"category","embeddable":true,"href":"https:\/\/www.olinews.it\/mt\/index.php?rest_route=%2Fwp%2Fv2%2Fcategories&post=1774"},{"taxonomy":"post_tag","embeddable":true,"href":"https:\/\/www.olinews.it\/mt\/index.php?rest_route=%2Fwp%2Fv2%2Ftags&post=1774"}],"curies":[{"name":"wp","href":"https:\/\/api.w.org\/{rel}","templated":true}]}}