{"id":1787,"date":"2009-01-21T19:35:11","date_gmt":"2009-01-21T19:35:11","guid":{"rendered":"http:\/\/www.comevedonoidaltonici.com\/wordpress\/?p=1787"},"modified":"2009-01-21T19:35:11","modified_gmt":"2009-01-21T19:35:11","slug":"guido-rossa-la-montagna-ancora-da-scalare","status":"publish","type":"post","link":"https:\/\/www.olinews.it\/mt\/?p=1787","title":{"rendered":"Guido Rossa &#8211; La montagna ancora da scalare"},"content":{"rendered":"<p>Che strada percorrer\u00e0 la commemorazione di Guido Rossa? A Genova il mondo sindacale si riunir\u00e0 il 24 gennaio a Palazzo Ducale e Walter Veltroni \u00e8 atteso nel pomeriggio dello stesso giorno al teatro Verdi di Sestri Ponente. Ma cosa diranno? Esiste un modo per commemorare Guido Rossa dando un senso a ci\u00f2 che sta accadendo oggi nella sua fabbrica?<br \/>\nLe commemorazioni di Rossa, in passato, sono state la rappresentazione della distanza. Come una processione laica, nella quale lo si faceva sfilare senza sentire l\u2019obbligo di guardare dentro di s\u00e9. Alle Acciaierie di Cornigliano le commemorazioni hanno assunto nel corso degli anni le sfumature della tragedia: arrivava ogni volta un segretario sindacale per poi sparire nella serena inconsapevolezza della condizione in cui l\u00e0 dentro si lavorava. Le parole toccanti e rotonde di sindacati e istituzioni si incagliavano nella resa del quotidiano, sostituite, il giorno dopo, dal consueto silenzio dello stabilimento.<\/p>\n<p><!--more--><br \/>\nCommemorazione dopo commemorazione, citt\u00e0 e fabbrica si aprivano a Guido Rossa, come in visita di cortesia, per poi svanire. E Guido diventava strumento per qualcos\u2019altro, memoria frammentata.<br \/>\nIl valore della testimonianza, nella sua fabbrica, ha assunto i contorni del bisbiglio anonimo. Guido, proprio l\u00ec, si \u00e8 perso. Ed insieme a lui, molti di quelli che ci lavorano. Si pu\u00f2 ancora fingere? Il sindacato pu\u00f2 ancora credere che il problema non esista? Quanto si vorr\u00e0 retrocedere prima di cercare in cosa si \u00e8 sbagliato? La commemorazione di Rossa pu\u00f2 diventare occasione per una svolta nella sua e nelle altre fabbriche in crisi di lavoro e valori?<br \/>\nIl problema \u00e8 proprio lui, Guido Rossa. Che ogni anno costringe a fare i conti con una quantit\u00e0 di valori che appare oggi, davvero, una montagna. Ed ogni anno che passa questa montagna \u00e8 sempre pi\u00f9 difficile da scalare. Mancano i compagni di cordata e ci si sente pi\u00f9 soli.<br \/>\n<strong><em>(Giovanna Profumo)<\/em><\/strong><\/p>\n","protected":false},"excerpt":{"rendered":"<p>Che strada percorrer\u00e0 la commemorazione di Guido Rossa? A Genova il mondo sindacale si riunir\u00e0 il 24 gennaio a Palazzo Ducale e Walter Veltroni \u00e8 atteso nel pomeriggio dello stesso giorno al teatro Verdi di Sestri Ponente. Ma cosa diranno? Esiste un modo per commemorare Guido Rossa dando un senso a ci\u00f2 che sta accadendo [&hellip;]<\/p>\n","protected":false},"author":1,"featured_media":0,"comment_status":"open","ping_status":"closed","sticky":false,"template":"","format":"standard","meta":{"footnotes":""},"categories":[218],"tags":[],"class_list":["post-1787","post","type-post","status-publish","format-standard","hentry","category-218"],"_links":{"self":[{"href":"https:\/\/www.olinews.it\/mt\/index.php?rest_route=\/wp\/v2\/posts\/1787","targetHints":{"allow":["GET"]}}],"collection":[{"href":"https:\/\/www.olinews.it\/mt\/index.php?rest_route=\/wp\/v2\/posts"}],"about":[{"href":"https:\/\/www.olinews.it\/mt\/index.php?rest_route=\/wp\/v2\/types\/post"}],"author":[{"embeddable":true,"href":"https:\/\/www.olinews.it\/mt\/index.php?rest_route=\/wp\/v2\/users\/1"}],"replies":[{"embeddable":true,"href":"https:\/\/www.olinews.it\/mt\/index.php?rest_route=%2Fwp%2Fv2%2Fcomments&post=1787"}],"version-history":[{"count":0,"href":"https:\/\/www.olinews.it\/mt\/index.php?rest_route=\/wp\/v2\/posts\/1787\/revisions"}],"wp:attachment":[{"href":"https:\/\/www.olinews.it\/mt\/index.php?rest_route=%2Fwp%2Fv2%2Fmedia&parent=1787"}],"wp:term":[{"taxonomy":"category","embeddable":true,"href":"https:\/\/www.olinews.it\/mt\/index.php?rest_route=%2Fwp%2Fv2%2Fcategories&post=1787"},{"taxonomy":"post_tag","embeddable":true,"href":"https:\/\/www.olinews.it\/mt\/index.php?rest_route=%2Fwp%2Fv2%2Ftags&post=1787"}],"curies":[{"name":"wp","href":"https:\/\/api.w.org\/{rel}","templated":true}]}}