{"id":1794,"date":"2009-01-28T11:33:09","date_gmt":"2009-01-28T11:33:09","guid":{"rendered":"http:\/\/www.comevedonoidaltonici.com\/wordpress\/?p=1794"},"modified":"2009-01-28T11:33:09","modified_gmt":"2009-01-28T11:33:09","slug":"ilva-nord-la-salute-va-in-prescrizione","status":"publish","type":"post","link":"https:\/\/www.olinews.it\/mt\/?p=1794","title":{"rendered":"Ilva Nord &#8211; La salute va in prescrizione"},"content":{"rendered":"<p>Il 19 gennaio la Corte di Appello del Tribunale di Genova, presieduta dal dott. Odero, ha emesso la sentenza di secondo grado nei confronti di Emilio Riva e dei figli Claudio e Fabio Arturo, che in primo grado erano stati condannati per inquinamento ambientale a 1 anno e quattro mesi.<br \/>\nIl procedimento penale ha avuto origine da un esposto contro il Gruppo Riva presentato nel 2001 dall\u2019Associazione Per Cornigliano con pi\u00f9 di mille firme di cittadini. In seguito l\u2019Associazione \u00e8 stata ammessa come parte civile nel processo di primo e di secondo grado, in quanto \u201crappresentativa della tutela degli interessi degli abitanti\u201d, in considerazione del suo ruolo storico, da molti anni in prima linea per il risanamento del quartiere.<\/p>\n<p><!--more--><br \/>\nSulla base dell\u2019esposto, un nutrito gruppo di cittadini di Cornigliano e la sottoscritta in qualit\u00e0 di presidente dell\u2019Associazione siamo stati chiamati a testimoniare al processo di primo grado nel 2004.<br \/>\nNel corso delle udienze del processo si sono succedute, oltre alle nostre, le testimonianze di medici, tecnici, esperti ambientali, che hanno esposto le indagini svolte nel corso di decenni di inquinamento industriale e i relativi terribili risultati. Su tutte, le indagini epidemiologiche compiute dall\u2019IST sulla popolazione di Cornigliano: negli anni di attivit\u00e0 degli impianti siderurgici a Cornigliano la mortalit\u00e0 \u00e8 risultata aumentata del 23 per cento tra gli uomini e del 55 per cento per le donne rispetto ad altre zone di Genova\u2026<br \/>\nQuale conseguenza diretta delle nostre testimonianze, il giudice aveva esteso il reato di inquinamento ambientale, comprendendo l\u2019attivit\u00e0 dell\u2019altoforno (ancora in funzione) oltre a quella della cokeria.<br \/>\nSi inserisce qui, come una beffa, il \u201cvizio di procedura\u201d in base al quale la sentenza di appello del 19 gennaio scorso ha di fatto annullato il processo: l\u2019ampliamento del capo d\u2019imputazione non doveva essere fatto in udienza comunicandolo agli imputati, ma gli atti del processo avrebbero dovuto tornare in Procura per dare luogo ad un nuovo procedimento. Pertanto gli atti saranno<br \/>\nnuovamente trasmessi al Procuratore, per dare inizio ad un nuovo procedimento penale, che fatalmente incorrer\u00e0 nella prescrizione ad inizio 2010.<br \/>\nQuesta in breve la storia di un processo, durato sei anni, che ha visto l\u2019impegno continuo e determinato dei cittadini, giovani e anziani, disposti con la massima dignit\u00e0 non solo a sottoscrivere denunce, ma a portare in tribunale sotto giuramento la testimonianza di una convivenza quotidiana con fumi, polveri, odori sgradevoli, malattie. In quelle aule c&#8217;\u00e8 stato chi ha parlato di malattie respiratorie, di asma bronchiale e di tumore ai polmoni e chi per questo ha pianto in pubblico: in tribunale \u00e8 sfilata in tutta la sua concretezza la tragedia di Cornigliano, un\u2019intera popolazione asservita ai profitti di un imprenditore.<br \/>\nNon c\u2019\u00e8 bisogno di molte altre parole: parla la storia che ho raccontato.<br \/>\nAggiungo solo che parteciperemo al nuovo processo, perch\u00e8 i cittadini di Cornigliano aspettano ancora una sentenza che renda giustizia e dignit\u00e0 alle proprie famiglie.<br \/>\n<strong><em>(Cristina Pozzi, Presidente dell\u2019Associazione \u201cPer Cornigliano\u201d) <\/em><\/strong><\/p>\n","protected":false},"excerpt":{"rendered":"<p>Il 19 gennaio la Corte di Appello del Tribunale di Genova, presieduta dal dott. Odero, ha emesso la sentenza di secondo grado nei confronti di Emilio Riva e dei figli Claudio e Fabio Arturo, che in primo grado erano stati condannati per inquinamento ambientale a 1 anno e quattro mesi. Il procedimento penale ha avuto [&hellip;]<\/p>\n","protected":false},"author":1,"featured_media":0,"comment_status":"open","ping_status":"closed","sticky":false,"template":"","format":"standard","meta":{"footnotes":""},"categories":[219,22,9],"tags":[],"class_list":["post-1794","post","type-post","status-publish","format-standard","hentry","category-219","category-ambiente","category-salute"],"_links":{"self":[{"href":"https:\/\/www.olinews.it\/mt\/index.php?rest_route=\/wp\/v2\/posts\/1794","targetHints":{"allow":["GET"]}}],"collection":[{"href":"https:\/\/www.olinews.it\/mt\/index.php?rest_route=\/wp\/v2\/posts"}],"about":[{"href":"https:\/\/www.olinews.it\/mt\/index.php?rest_route=\/wp\/v2\/types\/post"}],"author":[{"embeddable":true,"href":"https:\/\/www.olinews.it\/mt\/index.php?rest_route=\/wp\/v2\/users\/1"}],"replies":[{"embeddable":true,"href":"https:\/\/www.olinews.it\/mt\/index.php?rest_route=%2Fwp%2Fv2%2Fcomments&post=1794"}],"version-history":[{"count":0,"href":"https:\/\/www.olinews.it\/mt\/index.php?rest_route=\/wp\/v2\/posts\/1794\/revisions"}],"wp:attachment":[{"href":"https:\/\/www.olinews.it\/mt\/index.php?rest_route=%2Fwp%2Fv2%2Fmedia&parent=1794"}],"wp:term":[{"taxonomy":"category","embeddable":true,"href":"https:\/\/www.olinews.it\/mt\/index.php?rest_route=%2Fwp%2Fv2%2Fcategories&post=1794"},{"taxonomy":"post_tag","embeddable":true,"href":"https:\/\/www.olinews.it\/mt\/index.php?rest_route=%2Fwp%2Fv2%2Ftags&post=1794"}],"curies":[{"name":"wp","href":"https:\/\/api.w.org\/{rel}","templated":true}]}}