{"id":1803,"date":"2009-02-04T10:33:34","date_gmt":"2009-02-04T10:33:34","guid":{"rendered":"http:\/\/www.comevedonoidaltonici.com\/wordpress\/?p=1803"},"modified":"2009-02-04T10:33:34","modified_gmt":"2009-02-04T10:33:34","slug":"sindacato-le-parole-della-crisi","status":"publish","type":"post","link":"https:\/\/www.olinews.it\/mt\/?p=1803","title":{"rendered":"Sindacato &#8211; Le parole della crisi"},"content":{"rendered":"<p><em>\u201cA mio avviso il movimento sindacale non \u00e8 responsabile dei problemi dell\u2019economia, ma semmai serve a risolverli. E non \u00e8 possibile rafforzare la classe lavoratrice senza forti associazioni sindacali\u201d (Barak Obama 30 gennaio 2009) <\/em><br \/>\nA Genova, il giorno precedente all\u2019affermazione del presidente americano, le categorie di Cgil Fiom e Funzione Pubblica si incontrano per rispondere a quello che, con la firma del 23 gennaio, considerano un attacco di governo, Confindustria, Cisl e Uil.<br \/>\nAlla Scuola Edile di Borzoli pi\u00f9 di duecento delegati della Liguria tentano di rispondere ad un immaginario che relega la Cgil \u201cottusamente in difesa di preistoriche difese sindacali\u201d, e valutano nuove modalit\u00e0 di opporsi per spiegare ai lavoratori cosa \u00e8 inaccettabile nella firma dell\u2019accordo.<\/p>\n<p><!--more--><br \/>\nMolte le parole dette: crisi, industria ferma, accordo separato, governo, precari, referendum, legge sulla rappresentanza sindacale che, scritte alla rinfusa su un foglio bianco, compongono il tracciato di un contesto minaccioso. Alla scuola edile \u2013 fatto dolorosamente il punto su responsabilit\u00e0 anche proprie \u2013 si guarda avanti. Con la necessit\u00e0 di recuperare il pi\u00f9 possibile il rapporto con iscritti . Si rileva che a fronte di governi che attuano programmi straordinari per arginare il crollo produttivo attraverso l\u2019intervento pubblico, quello italiano risponde con \u201ccontrazione del salario e riduzione dei diritti\u201d. Sulle labbra di chi interviene prende corpo l\u2019entit\u00e0 della crisi: incidenza della cassa integrazione nell\u2019industria metalmeccanica pari al 1000% in pi\u00f9 rispetto all\u2019anno precedente. Ferma la siderurgia, ferma l\u2019auto, ferma la nautica da diporto, fermo il settore degli yacht e mega yacht. Congelato a breve l\u2019indotto che, con aziende sotto i 15 dipendenti, non po tr\u00e0 ricorrere alla cassa integrazione. Su questa voce Grondona, Fiom, denuncia come falsa \u201cla convinzione che la Cigo sia data dallo stato e dalla fiscalit\u00e0. Non \u00e8 cos\u00ec: ogni azienda e ogni lavoratore versa il 2,3% tutti i mesi al fondo Cigo\u201d precisando che \u201ci dati Inps 2004-2006, fra quanto erogato e ricevuto, rilevano un attivo di tredici miliardi di cui bisogna chiedere conto al governo\u201d. Davanti ad un accordo che chiede per contratto meno dell\u2019inflazione e che non tiene conto degli aumenti dell\u2019energia, il segretario della Fiom domanda alla platea dove Veltroni trovi il riformismo. Ed aggiunge \u201cse la Cgil tiene duro, quell\u2019accordo \u00e8 carta straccia\u201d e ricorda \u201cassaltare il fortino da soli \u00e8 difficile, ma avvelenare i pozzi a quel fortino non \u00e8 difficile\u201d.<br \/>\nLo sciopero unitario di Fiom e Funzione Pubblica fissato a Roma per il 13 febbraio sar\u00e0 la prima forte risposta, in attesa di quella pi\u00f9 grande nella quale sar\u00e0 in piazza la Cgil con tutte le sue categorie.<br \/>\nI delegati portano ai presenti dell\u2019attivo storie diverse nelle quali a pagare sono le cooperative sociali, \u201csi tende a parlarle del terzo settore come una delle possibili soluzioni alla crisi dei lavoratori, ma come possiamo dare delle risposte quando siamo i primi a pagare?\u201d, taglio dell\u2019Ici e riduzione sul welfare le voci di costo. Renzo Miroglio, segretario Cgil Liguria, racconta dei precari licenziati, costretti a tornare alla famiglia d\u2019origine e di un governo che non risponde.<br \/>\nIl lavoro, visto da qui, si trasforma in una Caporetto. Raggiungere gli iscritti uno ad uno con assemblee unitarie \u00e8 la parola d\u2019ordine.<br \/>\nLettura consigliata: Emilio Lussu, \u201cUn anno sull\u2019altipiano\u201d.<br \/>\n<strong><em>(Giovanna Profumo)<\/em><\/strong><\/p>\n","protected":false},"excerpt":{"rendered":"<p>\u201cA mio avviso il movimento sindacale non \u00e8 responsabile dei problemi dell\u2019economia, ma semmai serve a risolverli. E non \u00e8 possibile rafforzare la classe lavoratrice senza forti associazioni sindacali\u201d (Barak Obama 30 gennaio 2009) A Genova, il giorno precedente all\u2019affermazione del presidente americano, le categorie di Cgil Fiom e Funzione Pubblica si incontrano per rispondere [&hellip;]<\/p>\n","protected":false},"author":1,"featured_media":0,"comment_status":"open","ping_status":"closed","sticky":false,"template":"","format":"standard","meta":{"footnotes":""},"categories":[220,8],"tags":[],"class_list":["post-1803","post","type-post","status-publish","format-standard","hentry","category-220","category-lavoro"],"_links":{"self":[{"href":"https:\/\/www.olinews.it\/mt\/index.php?rest_route=\/wp\/v2\/posts\/1803","targetHints":{"allow":["GET"]}}],"collection":[{"href":"https:\/\/www.olinews.it\/mt\/index.php?rest_route=\/wp\/v2\/posts"}],"about":[{"href":"https:\/\/www.olinews.it\/mt\/index.php?rest_route=\/wp\/v2\/types\/post"}],"author":[{"embeddable":true,"href":"https:\/\/www.olinews.it\/mt\/index.php?rest_route=\/wp\/v2\/users\/1"}],"replies":[{"embeddable":true,"href":"https:\/\/www.olinews.it\/mt\/index.php?rest_route=%2Fwp%2Fv2%2Fcomments&post=1803"}],"version-history":[{"count":0,"href":"https:\/\/www.olinews.it\/mt\/index.php?rest_route=\/wp\/v2\/posts\/1803\/revisions"}],"wp:attachment":[{"href":"https:\/\/www.olinews.it\/mt\/index.php?rest_route=%2Fwp%2Fv2%2Fmedia&parent=1803"}],"wp:term":[{"taxonomy":"category","embeddable":true,"href":"https:\/\/www.olinews.it\/mt\/index.php?rest_route=%2Fwp%2Fv2%2Fcategories&post=1803"},{"taxonomy":"post_tag","embeddable":true,"href":"https:\/\/www.olinews.it\/mt\/index.php?rest_route=%2Fwp%2Fv2%2Ftags&post=1803"}],"curies":[{"name":"wp","href":"https:\/\/api.w.org\/{rel}","templated":true}]}}