{"id":1805,"date":"2009-02-11T14:21:14","date_gmt":"2009-02-11T14:21:14","guid":{"rendered":"http:\/\/www.comevedonoidaltonici.com\/wordpress\/?p=1805"},"modified":"2009-02-11T14:21:14","modified_gmt":"2009-02-11T14:21:14","slug":"chi-controlla-il-rapporto-comune-%e2%80%93-amt","status":"publish","type":"post","link":"https:\/\/www.olinews.it\/mt\/?p=1805","title":{"rendered":"Chi controlla il rapporto Comune \u2013 AMT?"},"content":{"rendered":"<p>Mi occupo in maniera assolutamente apartitica di alcuni problemi della citt\u00e0. In questi giorni ho appreso che AMT ed il nostro  Comune hanno sancito un accordo grazie al quale AMT verr\u00e0 retribuita a corsa, e per gli autobus circolari, quali ad esempio il 32 ed il 36  la retribuzione \u00e8 doppia. Io mi chiedo: noi utenti siamo controllati dal personale AMT preposto, ma chi controlla la correttezza del rapporto Comune &#8211; AMT? Visto il finto scorporo di personale da AMT in AMI, Societ\u00e0 costituita decurtando la liquidazione del vecchio personale UITE, visto il riaccorpamento fra le due Societ\u00e0, considerando che a  questo gioco  delle tre tavolette ha partecipato anche la Genova Parcheggi, ho come la certezza che il vecchio dossier &#8220;Officina Guglielmetti&#8221; sia un lifting e stia vivendo, ahim\u00e9, una seconda giovinezza&#8230;<br \/>\n<strong><em>(Giuliana Li Vigni) <\/em><\/strong><\/p>\n","protected":false},"excerpt":{"rendered":"<p>Mi occupo in maniera assolutamente apartitica di alcuni problemi della citt\u00e0. In questi giorni ho appreso che AMT ed il nostro Comune hanno sancito un accordo grazie al quale AMT verr\u00e0 retribuita a corsa, e per gli autobus circolari, quali ad esempio il 32 ed il 36 la retribuzione \u00e8 doppia. Io mi chiedo: noi [&hellip;]<\/p>\n","protected":false},"author":1,"featured_media":0,"comment_status":"open","ping_status":"closed","sticky":false,"template":"","format":"standard","meta":{"footnotes":""},"categories":[221,160],"tags":[],"class_list":["post-1805","post","type-post","status-publish","format-standard","hentry","category-221","category-lettere"],"_links":{"self":[{"href":"https:\/\/www.olinews.it\/mt\/index.php?rest_route=\/wp\/v2\/posts\/1805","targetHints":{"allow":["GET"]}}],"collection":[{"href":"https:\/\/www.olinews.it\/mt\/index.php?rest_route=\/wp\/v2\/posts"}],"about":[{"href":"https:\/\/www.olinews.it\/mt\/index.php?rest_route=\/wp\/v2\/types\/post"}],"author":[{"embeddable":true,"href":"https:\/\/www.olinews.it\/mt\/index.php?rest_route=\/wp\/v2\/users\/1"}],"replies":[{"embeddable":true,"href":"https:\/\/www.olinews.it\/mt\/index.php?rest_route=%2Fwp%2Fv2%2Fcomments&post=1805"}],"version-history":[{"count":0,"href":"https:\/\/www.olinews.it\/mt\/index.php?rest_route=\/wp\/v2\/posts\/1805\/revisions"}],"wp:attachment":[{"href":"https:\/\/www.olinews.it\/mt\/index.php?rest_route=%2Fwp%2Fv2%2Fmedia&parent=1805"}],"wp:term":[{"taxonomy":"category","embeddable":true,"href":"https:\/\/www.olinews.it\/mt\/index.php?rest_route=%2Fwp%2Fv2%2Fcategories&post=1805"},{"taxonomy":"post_tag","embeddable":true,"href":"https:\/\/www.olinews.it\/mt\/index.php?rest_route=%2Fwp%2Fv2%2Ftags&post=1805"}],"curies":[{"name":"wp","href":"https:\/\/api.w.org\/{rel}","templated":true}]}}