{"id":1806,"date":"2009-02-11T14:22:27","date_gmt":"2009-02-11T14:22:27","guid":{"rendered":"http:\/\/www.comevedonoidaltonici.com\/wordpress\/?p=1806"},"modified":"2009-02-11T14:22:27","modified_gmt":"2009-02-11T14:22:27","slug":"infortuni-speriamo-che-serva-e-non-solo-per-me","status":"publish","type":"post","link":"https:\/\/www.olinews.it\/mt\/?p=1806","title":{"rendered":"Infortuni &#8211; Speriamo che serva e non solo per me"},"content":{"rendered":"<p>M. \u00e8 arrivato in Italia che aveva dodici anni, per raggiungere una madre lontana da tempo, emigrata per lasciarsi alle spalle un matrimonio combinato quando lei di anni ne aveva quindici. Arrivando M. non ritrova solo la madre, ma anche un patrigno ed una sorellina. Licenza media, un diploma professionale, qualche primo lavoro precario e un monte di difficolt\u00e0 di rapporto col patrigno che rende la sua adolescenza particolarmente difficile. Poi arriva la possibilit\u00e0 di un imbarco, un lavoro infinitamente desiderato perch\u00e9 la nave l\u2019avrebbe allontanato da una situazione familiare densa di conflitti. Ma pochi giorni dopo l\u2019assunzione arriva il fulmine della scoperta di una grave patologia. Perdita del lavoro, cure, e in eredit\u00e0 una invalidit\u00e0 del 50 %.<\/p>\n<p><!--more--><br \/>\nIl ragazzo si rimette in pista: frequenta un corso di formazione professionale indirizzato agli invalidi del collocamento obbligatorio, e al termine viene assunto come apprendista. Ma al termine del quarto anno l\u2019azienda lo lascia a casa: un nuovo apprendista costa meno di un operaio. Il nostro si rimette in gioco, e va prendersi un nuovo diploma, questa volta di saldatore: su quindici allievi, mi dice, gli italiani sono solo tre o quattro. A diploma acquisito, il canale del collocamento obbligatorio lo porta a un nuovo lavoro, pi\u00f9 professionale. Il suo inserimento viene accompagnato da chiare prescrizioni che specificano quel che pu\u00f2 e quel che non pu\u00f2 fare, date le caratteristiche della sua invalidit\u00e0, ma la natura del contratto \u00e8 sempre precaria.<br \/>\nGli inizi sono promettenti: racconti di chi scopre il valore del lavoro operaio, della professionalit\u00e0, dell\u2019incontro con operai anziani che insegnano il mestiere. Dice che, finalmente, nella nuova azienda si bada alla sicurezza: tutti gli stanno attenti. Gli uffici della Provincia per qualche tempo fanno ispezioni a sorpresa e trovano tutto a posto. Poi le cose cambiano. Le ispezioni cessano, e lui vede che le condizioni di lavoro peggiorano sempre pi\u00f9: lavoro notturno, lavori in quota, pericolosi vista la sua invalidit\u00e0. Inutili i tentativi di convincerlo a rifiutare queste condizioni, a rivolgersi al sindacato o nuovamente alla Provincia: per lui il lavoro non \u00e8 solo questione di soldi, ma di identit\u00e0. La sua vicenda gli ha fatto mettere nel lavoro tutte le sue possibilit\u00e0 di riscatto. Aspetta che il contratto da precario diventi stabile per sentirsi nella condizione di rivendicare dei diritti. Dirgli che se perde la vita perde tutto non serve a nulla: per lui la perdita d el lavoro \u00e8 gi\u00e0 la perdita di tutto.<br \/>\nPoi ecco l\u2019infortunio, l\u2019infortunio grave; se la cava per un pelo. Ingresso in ospedale col codice rosso, panico e agitazione dei datori di lavoro, dei colleghi. Due mesi di prognosi, ma nulla di irreparabile. Per telefono dice: \u201cE\u2019 andata bene, \u00e8 quello che ci voleva: io me la sono scampata, e loro si sono presi paura. Speriamo che serva. Non solo per me, ma per tutti\u201d.<br \/>\n<strong><em>(Paola Pierantoni)<\/em><\/strong><\/p>\n","protected":false},"excerpt":{"rendered":"<p>M. \u00e8 arrivato in Italia che aveva dodici anni, per raggiungere una madre lontana da tempo, emigrata per lasciarsi alle spalle un matrimonio combinato quando lei di anni ne aveva quindici. Arrivando M. non ritrova solo la madre, ma anche un patrigno ed una sorellina. Licenza media, un diploma professionale, qualche primo lavoro precario e [&hellip;]<\/p>\n","protected":false},"author":1,"featured_media":0,"comment_status":"open","ping_status":"closed","sticky":false,"template":"","format":"standard","meta":{"footnotes":""},"categories":[221,8],"tags":[],"class_list":["post-1806","post","type-post","status-publish","format-standard","hentry","category-221","category-lavoro"],"_links":{"self":[{"href":"https:\/\/www.olinews.it\/mt\/index.php?rest_route=\/wp\/v2\/posts\/1806","targetHints":{"allow":["GET"]}}],"collection":[{"href":"https:\/\/www.olinews.it\/mt\/index.php?rest_route=\/wp\/v2\/posts"}],"about":[{"href":"https:\/\/www.olinews.it\/mt\/index.php?rest_route=\/wp\/v2\/types\/post"}],"author":[{"embeddable":true,"href":"https:\/\/www.olinews.it\/mt\/index.php?rest_route=\/wp\/v2\/users\/1"}],"replies":[{"embeddable":true,"href":"https:\/\/www.olinews.it\/mt\/index.php?rest_route=%2Fwp%2Fv2%2Fcomments&post=1806"}],"version-history":[{"count":0,"href":"https:\/\/www.olinews.it\/mt\/index.php?rest_route=\/wp\/v2\/posts\/1806\/revisions"}],"wp:attachment":[{"href":"https:\/\/www.olinews.it\/mt\/index.php?rest_route=%2Fwp%2Fv2%2Fmedia&parent=1806"}],"wp:term":[{"taxonomy":"category","embeddable":true,"href":"https:\/\/www.olinews.it\/mt\/index.php?rest_route=%2Fwp%2Fv2%2Fcategories&post=1806"},{"taxonomy":"post_tag","embeddable":true,"href":"https:\/\/www.olinews.it\/mt\/index.php?rest_route=%2Fwp%2Fv2%2Ftags&post=1806"}],"curies":[{"name":"wp","href":"https:\/\/api.w.org\/{rel}","templated":true}]}}