{"id":1809,"date":"2009-02-11T14:29:35","date_gmt":"2009-02-11T14:29:35","guid":{"rendered":"http:\/\/www.comevedonoidaltonici.com\/wordpress\/?p=1809"},"modified":"2009-02-11T14:29:35","modified_gmt":"2009-02-11T14:29:35","slug":"ratzinger-aborto-eutanasia-pena-di-morte","status":"publish","type":"post","link":"https:\/\/www.olinews.it\/mt\/?p=1809","title":{"rendered":"Ratzinger &#8211; Aborto, eutanasia, pena di morte"},"content":{"rendered":"<p>Nel fare un parallelo tra Ratzinger e Obama, Hans Kung (La Repubblica 7\/2\/09) sostiene che \u201cquesto papa rivolge gli occhi al passato, si ispira agli ideali della Chiesa medioevale, vede la riforma con scetticismo e mantiene un atteggiamento ambiguo nei confronti dei diritti e delle libert\u00e0 moderne\u201d. Il commovente e appassionato appello di Kung ai teologi, ai pastori, alle donne perch\u00e8 reagiscano \u00e8 la prova del suo perdurante attaccamento alla chiesa cattolica.<br \/>\nMesso peraltro a dura prova dalle continue interferenze del Vaticano nella politica italiana nel tentativo, troppo spesso coronato dal successo, di imporre per legge o decreto i principi pi\u00f9 o meno morali che propugna. Uno per tutti il caso Englaro ed il coro di vescovi e cardinali che Kung definisce i \u201cYesman\u201d scelti appositamente dall\u2019attuale papa per portare avanti la sua linea.<\/p>\n<p><!--more--><br \/>\nNon va dimenticato che quale prefetto della congregazione della dottrina della fede il cardinal Ratzinger, in una lettera inviata nel 2004 ai vertici ecclesiastici statunitensi, precisava che \u201cpu\u00f2 tuttavia essere consentito (\u2026) fare ricorso alla pena di morte (\u2026) non per\u00f2 in alcun modo riguardo all\u2019aborto ed eutanasia\u201d. Forse perch\u00e9 la prima \u00e8 comminata da una istituzione americana e le seconde sono decise da individui cui Dio dovrebbe aver concesso la libert\u00e0 di arbitrio ma il Vaticano no, almeno per quanto concerne gli italiani. Il presidente della CEI, gi\u00e0 ordinario militare, si allinea con un parere sintetizzato nel titolo di un articolo di La Repubblica datata 8 febbraio, \u201cQuesto \u00e8 un omicidio\u201d. Ma la rassegna delle dichiarazioni provenienti da \u201cOltre Tevere\u201d \u00e8 ben pi\u00f9 lunga e dovrebbe essere oggetto di una vibrata protesta diplomatica da parte della Farnesina, se non ci fosse un presidente del consiglio, osannato da una parte della curia romana anche quando, \u201cpersi i freni inibitori e in un delirio di onnipotenza dichiara alla televisione, rivolgendosi al padre di Eluana: non c\u2019\u00e8 altro che la volont\u00e0 di togliersi di mezzo una scomodit\u00e0\u201d (Concita De Gregorio su La Unit\u00e0 del 8 febbraio).<br \/>\nQuando, molti anni fa, frequentavo la chiesa sentivo spesso parlare di \u201cmisericordia\u201d, di \u201camore\u201d, di \u201ccondivisione\u201d, di \u201cperdono\u201d. Credo siano ricordi di giovent\u00f9, concetti che anche la chiesa di Roma ha archiviato.<br \/>\n<strong><em>(Vittorio Flick) <\/em><\/strong><\/p>\n","protected":false},"excerpt":{"rendered":"<p>Nel fare un parallelo tra Ratzinger e Obama, Hans Kung (La Repubblica 7\/2\/09) sostiene che \u201cquesto papa rivolge gli occhi al passato, si ispira agli ideali della Chiesa medioevale, vede la riforma con scetticismo e mantiene un atteggiamento ambiguo nei confronti dei diritti e delle libert\u00e0 moderne\u201d. Il commovente e appassionato appello di Kung ai [&hellip;]<\/p>\n","protected":false},"author":1,"featured_media":0,"comment_status":"open","ping_status":"closed","sticky":false,"template":"","format":"standard","meta":{"footnotes":""},"categories":[221],"tags":[],"class_list":["post-1809","post","type-post","status-publish","format-standard","hentry","category-221"],"_links":{"self":[{"href":"https:\/\/www.olinews.it\/mt\/index.php?rest_route=\/wp\/v2\/posts\/1809","targetHints":{"allow":["GET"]}}],"collection":[{"href":"https:\/\/www.olinews.it\/mt\/index.php?rest_route=\/wp\/v2\/posts"}],"about":[{"href":"https:\/\/www.olinews.it\/mt\/index.php?rest_route=\/wp\/v2\/types\/post"}],"author":[{"embeddable":true,"href":"https:\/\/www.olinews.it\/mt\/index.php?rest_route=\/wp\/v2\/users\/1"}],"replies":[{"embeddable":true,"href":"https:\/\/www.olinews.it\/mt\/index.php?rest_route=%2Fwp%2Fv2%2Fcomments&post=1809"}],"version-history":[{"count":0,"href":"https:\/\/www.olinews.it\/mt\/index.php?rest_route=\/wp\/v2\/posts\/1809\/revisions"}],"wp:attachment":[{"href":"https:\/\/www.olinews.it\/mt\/index.php?rest_route=%2Fwp%2Fv2%2Fmedia&parent=1809"}],"wp:term":[{"taxonomy":"category","embeddable":true,"href":"https:\/\/www.olinews.it\/mt\/index.php?rest_route=%2Fwp%2Fv2%2Fcategories&post=1809"},{"taxonomy":"post_tag","embeddable":true,"href":"https:\/\/www.olinews.it\/mt\/index.php?rest_route=%2Fwp%2Fv2%2Ftags&post=1809"}],"curies":[{"name":"wp","href":"https:\/\/api.w.org\/{rel}","templated":true}]}}