{"id":1813,"date":"2009-02-18T14:55:32","date_gmt":"2009-02-18T14:55:32","guid":{"rendered":"http:\/\/www.comevedonoidaltonici.com\/wordpress\/?p=1813"},"modified":"2009-02-18T14:55:32","modified_gmt":"2009-02-18T14:55:32","slug":"enzo-costa-il-merito-di-farla-breve","status":"publish","type":"post","link":"https:\/\/www.olinews.it\/mt\/?p=1813","title":{"rendered":"Enzo Costa &#8211; Il merito di farla breve"},"content":{"rendered":"<p>Come interpretare una politica sempre pi\u00f9 ridotta ad annunci o semplici spot? Come sottrarsi a una informazione politica sempre pi\u00f9 appiattita sulle sue manifestazioni spettacolari? E come riuscirci, oggi, in un paese costretto \u2013 per dirla con Scalfari &#8211; a riflettersi in uno specchio sempre pi\u00f9 frammentato e sconnesso? Enzo Costa ci prova ormai da alcuni anni, ogni giorno, sulla prima pagina de <em>Il Lavoro<\/em>, le pagine genovesi di <em>Repubblica<\/em>. \u201cIl Lanternino\u201d &#8211; \u00e8 il titolo del suo spazio \u2013 \u00e8 la prova di come siano sufficienti spirito di osservazione e poche righe (o pochi frammenti dello specchio di cui ha scritto Scalfari) per capire fatti e personaggi del groviglio politico in cui siamo immersi. Per \u201cIl Lanternino\u201d sono i particolari che contano; e per capire bastano e avanzano. Leggerlo per convincersene.<\/p>\n<p><!--more--><br \/>\n\u201cFarla breve\u201d, da poco in libreria (Fratelli Frilli editori, 2009, euro 6,00) (*) \u00e8 il titolo della seconda raccolta dei \u201clanternini\u201d di Enzo Costa, un piccolo manuale di storia e , nello stesso tempo, un saggio di antropologia politica. Tra i protagonisti e le comparse della scena pubblica (politica, societ\u00e0, cultura), Enzo ha le sue preferenze. Oltre le fonti primarie della sua ispirazione \u2013 Berlusconi, Plinio, Biasotti, Monteleone, Enrico Musso, Baget Bozzo \u2013 sono molti i personaggi noti presi di mira. Delle affermazioni e dei proclami di ognuno Enzo non si limita a cogliere banalit\u00e0 o stupidaggine ma ne svela l\u2019intima grettezza, la pericolosit\u00e0 politica.<br \/>\nNon solo ombre nei suoi \u201clanternini\u201d ma anche riconoscimenti all\u2019impegno democratico e alla qualit\u00e0 umana, professionale di tanti che danno il meglio di s\u00e9 alla vita della comunit\u00e0. Per fortuna!<br \/>\n\u201cFarla Breve\u201d diverte e fa riflettere. Ha ragione l\u2019autore a sperare che la sua fatica si traduca in piacere di leggerlo.<br \/>\n<em><strong>(Oscar Itzcovich)<\/strong><\/em><br \/>\n<em>(*) La raccolta copre il periodo 2003-2008. La prima, \u201cLanternini per tutti\u201d, sempre per i tipi dei Fratelli Frilli, copriva gli anni 2000-2002. <\/em><\/p>\n","protected":false},"excerpt":{"rendered":"<p>Come interpretare una politica sempre pi\u00f9 ridotta ad annunci o semplici spot? Come sottrarsi a una informazione politica sempre pi\u00f9 appiattita sulle sue manifestazioni spettacolari? E come riuscirci, oggi, in un paese costretto \u2013 per dirla con Scalfari &#8211; a riflettersi in uno specchio sempre pi\u00f9 frammentato e sconnesso? Enzo Costa ci prova ormai da [&hellip;]<\/p>\n","protected":false},"author":1,"featured_media":0,"comment_status":"open","ping_status":"closed","sticky":false,"template":"","format":"standard","meta":{"footnotes":""},"categories":[222,16],"tags":[],"class_list":["post-1813","post","type-post","status-publish","format-standard","hentry","category-222","category-cultura"],"_links":{"self":[{"href":"https:\/\/www.olinews.it\/mt\/index.php?rest_route=\/wp\/v2\/posts\/1813","targetHints":{"allow":["GET"]}}],"collection":[{"href":"https:\/\/www.olinews.it\/mt\/index.php?rest_route=\/wp\/v2\/posts"}],"about":[{"href":"https:\/\/www.olinews.it\/mt\/index.php?rest_route=\/wp\/v2\/types\/post"}],"author":[{"embeddable":true,"href":"https:\/\/www.olinews.it\/mt\/index.php?rest_route=\/wp\/v2\/users\/1"}],"replies":[{"embeddable":true,"href":"https:\/\/www.olinews.it\/mt\/index.php?rest_route=%2Fwp%2Fv2%2Fcomments&post=1813"}],"version-history":[{"count":0,"href":"https:\/\/www.olinews.it\/mt\/index.php?rest_route=\/wp\/v2\/posts\/1813\/revisions"}],"wp:attachment":[{"href":"https:\/\/www.olinews.it\/mt\/index.php?rest_route=%2Fwp%2Fv2%2Fmedia&parent=1813"}],"wp:term":[{"taxonomy":"category","embeddable":true,"href":"https:\/\/www.olinews.it\/mt\/index.php?rest_route=%2Fwp%2Fv2%2Fcategories&post=1813"},{"taxonomy":"post_tag","embeddable":true,"href":"https:\/\/www.olinews.it\/mt\/index.php?rest_route=%2Fwp%2Fv2%2Ftags&post=1813"}],"curies":[{"name":"wp","href":"https:\/\/api.w.org\/{rel}","templated":true}]}}