{"id":1816,"date":"2009-02-18T15:01:43","date_gmt":"2009-02-18T15:01:43","guid":{"rendered":"http:\/\/www.comevedonoidaltonici.com\/wordpress\/?p=1816"},"modified":"2009-02-18T15:01:43","modified_gmt":"2009-02-18T15:01:43","slug":"soccorso-l%e2%80%99emergenza-da-i-numeri","status":"publish","type":"post","link":"https:\/\/www.olinews.it\/mt\/?p=1816","title":{"rendered":"Soccorso &#8211; L\u2019emergenza d\u00e0 i numeri"},"content":{"rendered":"<p>Per strada non pu\u00f2 sfuggirmi il <strong>112 <\/strong>giallo sullo sfondo blu della bandiera europea, in mezzo alle sue stelline, \u00e8 su una ambulanza in sosta. Ma non era il <strong>118 <\/strong>il numero della emergenza? Parlo con il conducente, mi spiega che si certo si fa confusione con il servizio dei Carabinieri, che per\u00f2 la colpa \u00e8 tutta italiana. Chiss\u00e0 perch\u00e9 ogni volta che c\u2019\u00e8 di mezzo l\u2019Europa, l\u2019Italia deve starne fuori. Ess\u00ec, perch\u00e9 il 112 che in Italia \u00e8 gestito dal 1981 dall\u2019Arma dei Carabinieri, \u00e8 anche dal 1992 il numero europeo per la richiesta di soccorso: dal 1992! Fin qui saremmo anche abituati alla solita inadeguatezza di chi governa ignorando le direttive UE, a parte che il 112 italiano non rispetta nemmeno gli standard richiesti dalla norma e non lo fa da tanti anni, al punto che la UE ha deciso di aprire formalmente una procedura di infrazione e forse salassarci con una bella multa di quelle con tanto zeri.<\/p>\n<p><!--more--><br \/>\nLa storia nasce gi\u00e0 nel 1991, quando mentre il 112 in Italia era gi\u00e0 usato per un altro servizio, la UE decide di assegnarlo a livello continentale al servizio di emergenza, con tutta una serie di caratteristiche quali la disponibilit\u00e0 costante 24&#215;365 e la tracciabilit\u00e0 geografica del chiamante per agevolare i soccorsi, tra le principali.<br \/>\nMi imbatto anche in un sito di quelli istruttivi (<a href=\"http:\/\/www.118bimbi.it\">http:\/\/www.118bimbi.it<\/a>), dove si vuole fornire un sistema per insegnare ai bambini a chiamare il soccorso. Faccio la prova, alla fine di un cartoon dove il solito pap\u00e0 pasticcione si martella la solita mano col solito martello, il bambino viene invitato a chiamare il soccorso e gli si d\u00e0 l\u2019ok se chiama il 118. E se invece chiamasse il 112? Beh, un Carabiniere con un bel sorriso lo invita a richiamare il 118, perch\u00e9 il 112 \u00e8 il numero dei Carabinieri! Si fa netta differenza tra Carabinieri, Pompieri e assistenza medica, per cui se il bambino prova a chiamare il 118 per un incendio lo rimandano al 115, se chiama il 112 per una martellata viene rimandato al 118, e via cos\u00ec. Per concludere con un bambino molto piccolo che pestando a caso i tasti del telefono finisce per chiamare il numero di emergenza inutilmente: il messaggio stranamente punisce il bambino (\u201cquesto \u00e8 un numero di emergenza , non si fanno gli scherzi telefonici!\u201d) invece che il pap\u00e0 disattento che lascia in giro il telefono, speriamo che non gli chiami un 144.<br \/>\nAlla fine del test l\u2019immagine che se ne trae \u00e8 quella di un grande disordine, si ha la profonda percezione del sistema italiano. Senza contare che si sta dando una informazione inesatta, infatti per legge sia il 118 che il 112 sono entrambe numeri di emergenza, con un 118 che andr\u00e0 necessariamente a morire col tempo.<br \/>\n<strong><em>(Stefano De Pietro) <\/em><\/strong><\/p>\n","protected":false},"excerpt":{"rendered":"<p>Per strada non pu\u00f2 sfuggirmi il 112 giallo sullo sfondo blu della bandiera europea, in mezzo alle sue stelline, \u00e8 su una ambulanza in sosta. Ma non era il 118 il numero della emergenza? Parlo con il conducente, mi spiega che si certo si fa confusione con il servizio dei Carabinieri, che per\u00f2 la colpa [&hellip;]<\/p>\n","protected":false},"author":1,"featured_media":0,"comment_status":"open","ping_status":"closed","sticky":false,"template":"","format":"standard","meta":{"footnotes":""},"categories":[222,20],"tags":[],"class_list":["post-1816","post","type-post","status-publish","format-standard","hentry","category-222","category-citta"],"_links":{"self":[{"href":"https:\/\/www.olinews.it\/mt\/index.php?rest_route=\/wp\/v2\/posts\/1816","targetHints":{"allow":["GET"]}}],"collection":[{"href":"https:\/\/www.olinews.it\/mt\/index.php?rest_route=\/wp\/v2\/posts"}],"about":[{"href":"https:\/\/www.olinews.it\/mt\/index.php?rest_route=\/wp\/v2\/types\/post"}],"author":[{"embeddable":true,"href":"https:\/\/www.olinews.it\/mt\/index.php?rest_route=\/wp\/v2\/users\/1"}],"replies":[{"embeddable":true,"href":"https:\/\/www.olinews.it\/mt\/index.php?rest_route=%2Fwp%2Fv2%2Fcomments&post=1816"}],"version-history":[{"count":0,"href":"https:\/\/www.olinews.it\/mt\/index.php?rest_route=\/wp\/v2\/posts\/1816\/revisions"}],"wp:attachment":[{"href":"https:\/\/www.olinews.it\/mt\/index.php?rest_route=%2Fwp%2Fv2%2Fmedia&parent=1816"}],"wp:term":[{"taxonomy":"category","embeddable":true,"href":"https:\/\/www.olinews.it\/mt\/index.php?rest_route=%2Fwp%2Fv2%2Fcategories&post=1816"},{"taxonomy":"post_tag","embeddable":true,"href":"https:\/\/www.olinews.it\/mt\/index.php?rest_route=%2Fwp%2Fv2%2Ftags&post=1816"}],"curies":[{"name":"wp","href":"https:\/\/api.w.org\/{rel}","templated":true}]}}