{"id":1817,"date":"2009-02-18T15:03:45","date_gmt":"2009-02-18T15:03:45","guid":{"rendered":"http:\/\/www.comevedonoidaltonici.com\/wordpress\/?p=1817"},"modified":"2009-02-18T15:03:45","modified_gmt":"2009-02-18T15:03:45","slug":"immigrazione-scivolare-all%e2%80%99indietro-su-un-piano-inclinato","status":"publish","type":"post","link":"https:\/\/www.olinews.it\/mt\/?p=1817","title":{"rendered":"Immigrazione &#8211; Scivolare all\u2019indietro su un piano inclinato"},"content":{"rendered":"<p>Il riordino dei documenti del Forum Antirazzista ha fatto emergere in questi giorni una lettera del 13 gennaio 1997 che d\u00e0 la misura di quanto sia ripido il piano inclinato lungo il quale stiamo scivolando.<br \/>\nSi tratta di una comunicazione che le quattordici associazioni del \u201cForum Antirazzista di Genova\u201d e l\u2019Associazione \u201cAmbulatorio internazionale di Citt\u00e0 Aperta\u201d avevano inviato all\u2019allora assessore regionale alla sanit\u00e0 Franco Bertolani e al presidente della \u201cConferenza dei sindaci\u201d della USL3 Sergio Rossetti, in merito alla assistenza sanitaria agli immigrati, regolari e non.<br \/>\nAll\u2019epoca le norme in materia erano molto sommarie, e prendevano in considerazione l\u2019immigrato solo in quanto \u201clavoratore\u201d. Inoltre era ancora grande la diffidenza degli stranieri che si avvicinavano con difficolt\u00e0 al nostro sistema, alle sue regole, alla sua burocrazia.<\/p>\n<p><!--more--><br \/>\nPer rispondere alla domanda di salute degli immigrati irregolari nel 1994 era nata a Genova l\u2019Associazione Ambulatorio Internazionale di Citt\u00e0 Aperta\u201d, tuttora operante in Vico del Duca. Vi aderivano pi\u00f9 di cento medici, ma le persone che lo frequentavano non erano solo immigrati senza il soggiorno: moltissimi erano perfettamente in regola, ma preferivano quella sede per le modalit\u00e0 di relazione che sapeva offrire.<br \/>\nQuel che le associazioni chiedevano alla Regione era di rendere il servizio pubblico altrettanto accessibile sia a chi il permesso di soggiorno lo aveva, sia a chi non lo aveva, quindi: interventi sugli aspetti formali e burocratici, ma anche formazione degli operatori, informazione per gli immigrati, inserimento di mediatori culturali nelle strutture sanitarie.<br \/>\nOvviamente quel che avveniva a Genova avveniva anche in molte altre citt\u00e0 e regioni italiane, e questa attenzione sociale fece s\u00ec che negli anni \u201990, a fronte della vaghezza della legislazione nazionale, si sviluppasse in materia una legislazione regionale: il Veneto con la Legge regionale 9\/90 fu la prima a prevedere una assistenza sanitaria anche a chi era presente irregolarmente, ma diverse altre seguirono.<br \/>\nE\u2019 questo movimento, questa diffusa attenzione al problema, che ha portato nel 1998 alla svolta della legge Turco \u2013 Napolitano che nell\u2019articolo 35 stabilisce:<\/p>\n<blockquote><p>\u201cAi cittadini stranieri presenti sul territorio nazionale, non in regola con le norme relative all&#8217;ingresso ed al soggiorno, sono assicurate, nei presidi pubblici ed accreditati, le cure ambulatoriali ed ospedaliere urgenti o comunque essenziali, ancorch\u00e9 continuative, per malattia ed infortunio e sono estesi i programmi di medicina preventiva a salvaguardia della salute individuale e collettiva.\u201d<\/p><\/blockquote>\n<p>specificando: <\/p>\n<blockquote><p>\u201cL&#8217;accesso alle strutture sanitarie da parte dello straniero non in regola con le norme sul soggiorno non pu\u00f2 comportare alcun tipo di segnalazione all&#8217;autorit\u00e0, salvo i casi in cui sia obbligatorio il referto, a parit\u00e0 di condizioni con il cittadino italiano&#8221;.<\/p><\/blockquote>\n<p><strong><em>(Paola Pierantoni)<\/em><\/strong><\/p>\n","protected":false},"excerpt":{"rendered":"<p>Il riordino dei documenti del Forum Antirazzista ha fatto emergere in questi giorni una lettera del 13 gennaio 1997 che d\u00e0 la misura di quanto sia ripido il piano inclinato lungo il quale stiamo scivolando. Si tratta di una comunicazione che le quattordici associazioni del \u201cForum Antirazzista di Genova\u201d e l\u2019Associazione \u201cAmbulatorio internazionale di Citt\u00e0 [&hellip;]<\/p>\n","protected":false},"author":1,"featured_media":0,"comment_status":"open","ping_status":"closed","sticky":false,"template":"","format":"standard","meta":{"footnotes":""},"categories":[222,7],"tags":[],"class_list":["post-1817","post","type-post","status-publish","format-standard","hentry","category-222","category-immigrazione"],"_links":{"self":[{"href":"https:\/\/www.olinews.it\/mt\/index.php?rest_route=\/wp\/v2\/posts\/1817","targetHints":{"allow":["GET"]}}],"collection":[{"href":"https:\/\/www.olinews.it\/mt\/index.php?rest_route=\/wp\/v2\/posts"}],"about":[{"href":"https:\/\/www.olinews.it\/mt\/index.php?rest_route=\/wp\/v2\/types\/post"}],"author":[{"embeddable":true,"href":"https:\/\/www.olinews.it\/mt\/index.php?rest_route=\/wp\/v2\/users\/1"}],"replies":[{"embeddable":true,"href":"https:\/\/www.olinews.it\/mt\/index.php?rest_route=%2Fwp%2Fv2%2Fcomments&post=1817"}],"version-history":[{"count":0,"href":"https:\/\/www.olinews.it\/mt\/index.php?rest_route=\/wp\/v2\/posts\/1817\/revisions"}],"wp:attachment":[{"href":"https:\/\/www.olinews.it\/mt\/index.php?rest_route=%2Fwp%2Fv2%2Fmedia&parent=1817"}],"wp:term":[{"taxonomy":"category","embeddable":true,"href":"https:\/\/www.olinews.it\/mt\/index.php?rest_route=%2Fwp%2Fv2%2Fcategories&post=1817"},{"taxonomy":"post_tag","embeddable":true,"href":"https:\/\/www.olinews.it\/mt\/index.php?rest_route=%2Fwp%2Fv2%2Ftags&post=1817"}],"curies":[{"name":"wp","href":"https:\/\/api.w.org\/{rel}","templated":true}]}}